{"id":166092,"date":"2019-01-10T23:57:40","date_gmt":"2019-01-11T01:57:40","guid":{"rendered":"https:\/\/www.redenoticia.com.br\/noticia\/?p=166092"},"modified":"2019-01-27T01:24:01","modified_gmt":"2019-01-27T03:24:01","slug":"resumo-novela-cordel-encantado-21-01-virtuosa-proibe-acucena-de-ir-ao-baile","status":"publish","type":"post","link":"https:\/\/migracao.redenoticia.com.br\/noticia\/2019\/resumo-novela-cordel-encantado-21-01-virtuosa-proibe-acucena-de-ir-ao-baile\/166092","title":{"rendered":"Resumo novela \u201cCordel Encantado\u201d 21\/01: Virtuosa pro\u00edbe A\u00e7ucena de ir ao baile"},"content":{"rendered":"<p><img loading=\"lazy\" decoding=\"async\" class=\"aligncenter size-large wp-image-165214\" src=\"https:\/\/migracao.redenoticia.com.br\/noticia\/imagens\/cordel-004-319x300.jpg\" alt=\"\" width=\"319\" height=\"300\" srcset=\"https:\/\/migracao.redenoticia.com.br\/noticia\/imagens\/cordel-004-319x300.jpg 319w, https:\/\/migracao.redenoticia.com.br\/noticia\/imagens\/cordel-004-199x187.jpg 199w, https:\/\/migracao.redenoticia.com.br\/noticia\/imagens\/cordel-004-150x141.jpg 150w, https:\/\/migracao.redenoticia.com.br\/noticia\/imagens\/cordel-004.jpg 669w, https:\/\/migracao.redenoticia.com.br\/noticia\/imagens\/cordel-004-560x527.jpg 560w\" sizes=\"auto, (max-width: 319px) 100vw, 319px\" \/><strong><em>Resumo novela \u201cCordel Encantado\u201d 21\/01 <\/em><\/strong>: no cap\u00edtulo 006(*) da novela, resumo de segunda-feira, 21 de janeiro, Augusto se emociona ao contar sua hist\u00f3ria para o povo e avisa que vai oferecer um baile para tentar encontrar sua filha. Virtuosa e Euz\u00e9bio retiram A\u00e7ucena \u00e0 for\u00e7a da igreja. Felipe tenta confortar Dora, mas \u00e9 destratado por ela. Ternurinha repreende Ces\u00e1ria por n\u00e3o ter arrumado a cozinha e Augusto reprova a atitude da primeira-dama. Tim\u00f3teo v\u00ea um rapaz saindo do quarto de Ant\u00f4nia e avisa Janu\u00e1rio. A\u00e7ucena aconselha C\u00edcero a se afastar de Ant\u00f4nia para ajud\u00e1-la. Neusa diz a Fil\u00f3 que ela poderia ser a filha de Augusto. \u00darsula orienta a primeira-dama na organiza\u00e7\u00e3o do baile.<\/p>\n<p>Janu\u00e1rio d\u00e1 um lindo vestido para Ant\u00f4nia. A\u00e7ucena fica revoltada por Virtuosa n\u00e3o deix\u00e1-la ir ao baile. Ces\u00e1ria espera encontrar novamente Augusto. Ant\u00f4nia n\u00e3o consegue esconder a decep\u00e7\u00e3o ao ver que Bator\u00e9 \u00e9 o seu acompanhante. Augusto e Efig\u00eania ficam perplexos ao ver o sal\u00e3o repleto de mo\u00e7as afirmando ser a princesa Aurora. Dora fica indignada com Ternurinha que diz que ela \u00e9 a princesa Aurora. C\u00edcero sugere que A\u00e7ucena v\u00e1 com ele e Jesu\u00edno ao baile, mesmo sem o consentimento dos pais.<\/p>\n<p>(*) edi\u00e7\u00e3o da Rede Globo, Novela \u201cCordel Encantado\u201d, sujeito a altera\u00e7\u00e3o de data e conte\u00fado.<\/p>\n<p>Destaques<\/p>\n<p>Sinopse \u201cCordel Encantado\u201d: Vendo o marido muito ferido, depois de mais uma terr\u00edvel batalha, a rainha Helena (Mariana Lima) vai ao castelo inimigo amaldi\u00e7oar toda a fam\u00edlia do rei Augusto. Faz isso gr\u00e1vida de In\u00e1cio (Maur\u00edcio Destri) e acompanhada de seu filho mais velho, Felipe (Jayme Matarazzo). O monarca se comove com a dor de Helena e, por sugest\u00e3o de Cristina, prop\u00f5e um acordo a Teobaldo, ferido mortalmente: seus primog\u00eanitos Aurora e Felipe devem se casar quando atingirem a maior idade, unificando e trazendo paz aos dois estados. Teobaldo aceita o acordo e morre logo depois. As duas crian\u00e7as s\u00e3o apresentadas publicamente como os futuros reis de Ser\u00e1fia.<\/p>\n<p>Seguindo a interpreta\u00e7\u00e3o on\u00edrica feita por Amadeus, uma longa viagem come\u00e7a a ser planejada. Zen\u00f3bio Alfredo (Guilherme Fontes), bot\u00e2nico de Ser\u00e1fia do Norte, que estava no Brasil envolvido com pesquisas cient\u00edficas, traz ao rei not\u00edcias de um tesouro, escondido em terras tropicais pelo fundador do reino, Dom Serafim. O bot\u00e2nico sugere que o rei financie uma expedi\u00e7\u00e3o a Brogod\u00f3, e Augusto, amante das ci\u00eancias e das aventuras, n\u00e3o s\u00f3 concorda com a ideia como faz quest\u00e3o de liderar a empreitada. O rei s\u00f3 n\u00e3o contava que sua esposa, a rainha Cristina, resolveria acompanh\u00e1-lo, levando consigo a pequena Aurora.<\/p>\n","protected":false},"excerpt":{"rendered":"<p>Resumo novela \u201cCordel Encantado\u201d 21\/01 : no cap\u00edtulo 006(*) da novela, resumo de segunda-feira, 21 de janeiro, Augusto se emociona ao contar sua hist\u00f3ria para o povo e avisa que vai oferecer um baile para tentar encontrar sua filha. Virtuosa e Euz\u00e9bio retiram A\u00e7ucena \u00e0 for\u00e7a da igreja. Felipe tenta confortar Dora, mas \u00e9 destratado [&hellip;]<\/p>\n","protected":false},"author":2,"featured_media":165215,"comment_status":"open","ping_status":"closed","sticky":false,"template":"","format":"standard","meta":{"tdm_status":"","tdm_grid_status":"","footnotes":""},"categories":[535,379,375,343],"tags":[441],"class_list":{"0":"post-166092","1":"post","2":"type-post","3":"status-publish","4":"format-standard","5":"has-post-thumbnail","7":"category-cordel-encantado","8":"category-novelas","9":"category-rede-globo","10":"category-televisao","11":"tag-resumo-do-dia"},"_links":{"self":[{"href":"https:\/\/migracao.redenoticia.com.br\/noticia\/wp-json\/wp\/v2\/posts\/166092","targetHints":{"allow":["GET"]}}],"collection":[{"href":"https:\/\/migracao.redenoticia.com.br\/noticia\/wp-json\/wp\/v2\/posts"}],"about":[{"href":"https:\/\/migracao.redenoticia.com.br\/noticia\/wp-json\/wp\/v2\/types\/post"}],"author":[{"embeddable":true,"href":"https:\/\/migracao.redenoticia.com.br\/noticia\/wp-json\/wp\/v2\/users\/2"}],"replies":[{"embeddable":true,"href":"https:\/\/migracao.redenoticia.com.br\/noticia\/wp-json\/wp\/v2\/comments?post=166092"}],"version-history":[{"count":0,"href":"https:\/\/migracao.redenoticia.com.br\/noticia\/wp-json\/wp\/v2\/posts\/166092\/revisions"}],"wp:featuredmedia":[{"embeddable":true,"href":"https:\/\/migracao.redenoticia.com.br\/noticia\/wp-json\/wp\/v2\/media\/165215"}],"wp:attachment":[{"href":"https:\/\/migracao.redenoticia.com.br\/noticia\/wp-json\/wp\/v2\/media?parent=166092"}],"wp:term":[{"taxonomy":"category","embeddable":true,"href":"https:\/\/migracao.redenoticia.com.br\/noticia\/wp-json\/wp\/v2\/categories?post=166092"},{"taxonomy":"post_tag","embeddable":true,"href":"https:\/\/migracao.redenoticia.com.br\/noticia\/wp-json\/wp\/v2\/tags?post=166092"}],"curies":[{"name":"wp","href":"https:\/\/api.w.org\/{rel}","templated":true}]}}