{"id":166169,"date":"2019-01-19T06:57:43","date_gmt":"2019-01-19T08:57:43","guid":{"rendered":"https:\/\/www.redenoticia.com.br\/noticia\/?p=166169"},"modified":"2019-01-20T17:34:50","modified_gmt":"2019-01-20T19:34:50","slug":"novela-cordel-encantado-timoteo-anuncia-que-herculano-matou-cicero","status":"publish","type":"post","link":"https:\/\/migracao.redenoticia.com.br\/noticia\/2019\/novela-cordel-encantado-timoteo-anuncia-que-herculano-matou-cicero\/166169","title":{"rendered":"Novela &#8220;Cordel Encantado&#8221;: Tim\u00f3teo anuncia que Herculano matou C\u00edcero"},"content":{"rendered":"<p><img loading=\"lazy\" decoding=\"async\" class=\"aligncenter size-large wp-image-165213\" src=\"https:\/\/migracao.redenoticia.com.br\/noticia\/imagens\/cordel-005-400x181.jpg\" alt=\"\" width=\"400\" height=\"181\" srcset=\"https:\/\/migracao.redenoticia.com.br\/noticia\/imagens\/cordel-005-400x181.jpg 400w, https:\/\/migracao.redenoticia.com.br\/noticia\/imagens\/cordel-005-250x113.jpg 250w, https:\/\/migracao.redenoticia.com.br\/noticia\/imagens\/cordel-005-150x68.jpg 150w, https:\/\/migracao.redenoticia.com.br\/noticia\/imagens\/cordel-005-560x254.jpg 560w, https:\/\/migracao.redenoticia.com.br\/noticia\/imagens\/cordel-005.jpg 686w\" sizes=\"auto, (max-width: 400px) 100vw, 400px\" \/><strong><em>Novela &#8220;Cordel Encantado&#8221;:<\/em><\/strong> no dia do casamento de A\u00e7ucena e Jesu\u00edno, Tim\u00f3teo aparece, anuncia a todos os convidados que C\u00edcero (Miguel R\u00f4mulo), o irm\u00e3o da noiva, est\u00e1 morto e conta que o respons\u00e1vel por isso \u00e9 o capit\u00e3o Herculano. O coronelzinho aproveita a ocasi\u00e3o para revelar para toda a cidade de Brogod\u00f3 que Jesu\u00edno \u00e9 filho do cangaceiro mais temido da regi\u00e3o. Jesu\u00edno se constrange e encara os olhares de recrimina\u00e7\u00e3o dos presentes. Euz\u00e9bio e Virtuosa choram a morte de seu filho e culpam o genro pela desgra\u00e7a que acaba de se abater sobre suas vidas. Mas, para al\u00edvio de todos, C\u00edcero estava vivo, mas muito machucado.<\/p>\n<p>Destaques<\/p>\n<p>Sinopse &#8220;Cordel Encantado&#8221;: Augusto e sua rainha vivem uma vida harmoniosa e feliz, sem imaginar que est\u00e3o cercados por dois vil\u00f5es: \u00darsula (D\u00e9bora Bloch), cunhada do rei, e Nicolau (Luiz Fernando Guimar\u00e3es), o atrapalhado mordomo da corte. A bela, elegante e sofisticada duquesa \u00e9 a pessoa mais perigosa e falsa de todo o reino. Ajudada por Nicolau, seu amante, \u00darsula deseja se tornar rainha. E a viagem a Brogod\u00f3 \u00e9 a chance que a duquesa sempre quis para se livrar de Cristina e da princesa.<\/p>\n<p>A sede de poder da dupla de vil\u00f5es \u00e9 crescente: no Brasil, para onde se muda com a corte europeia, o casal continua a planejar e executar planos para conseguir o que quer. No decorrer da novela, revela-se que Lady Cec\u00edlia (Sofia Terra), que \u00darsula criava como sobrinha, \u00e9 filha da vil\u00e3 com o general Baldini (Em\u00edlio de Mello), militar do ex\u00e9rcito de Ser\u00e1fia do Norte.<\/p>\n<p>Fonte Rede Globo &#8220;Cordel Encantado\u201d<\/p>\n","protected":false},"excerpt":{"rendered":"<p>Novela &#8220;Cordel Encantado&#8221;: no dia do casamento de A\u00e7ucena e Jesu\u00edno, Tim\u00f3teo aparece, anuncia a todos os convidados que C\u00edcero (Miguel R\u00f4mulo), o irm\u00e3o da noiva, est\u00e1 morto e conta que o respons\u00e1vel por isso \u00e9 o capit\u00e3o Herculano. O coronelzinho aproveita a ocasi\u00e3o para revelar para toda a cidade de Brogod\u00f3 que Jesu\u00edno \u00e9 [&hellip;]<\/p>\n","protected":false},"author":2,"featured_media":165215,"comment_status":"open","ping_status":"closed","sticky":false,"template":"","format":"standard","meta":{"tdm_status":"","tdm_grid_status":"","footnotes":""},"categories":[535,379,375,343],"tags":[440],"class_list":{"0":"post-166169","1":"post","2":"type-post","3":"status-publish","4":"format-standard","5":"has-post-thumbnail","7":"category-cordel-encantado","8":"category-novelas","9":"category-rede-globo","10":"category-televisao","11":"tag-noticia-novela"},"_links":{"self":[{"href":"https:\/\/migracao.redenoticia.com.br\/noticia\/wp-json\/wp\/v2\/posts\/166169","targetHints":{"allow":["GET"]}}],"collection":[{"href":"https:\/\/migracao.redenoticia.com.br\/noticia\/wp-json\/wp\/v2\/posts"}],"about":[{"href":"https:\/\/migracao.redenoticia.com.br\/noticia\/wp-json\/wp\/v2\/types\/post"}],"author":[{"embeddable":true,"href":"https:\/\/migracao.redenoticia.com.br\/noticia\/wp-json\/wp\/v2\/users\/2"}],"replies":[{"embeddable":true,"href":"https:\/\/migracao.redenoticia.com.br\/noticia\/wp-json\/wp\/v2\/comments?post=166169"}],"version-history":[{"count":0,"href":"https:\/\/migracao.redenoticia.com.br\/noticia\/wp-json\/wp\/v2\/posts\/166169\/revisions"}],"wp:featuredmedia":[{"embeddable":true,"href":"https:\/\/migracao.redenoticia.com.br\/noticia\/wp-json\/wp\/v2\/media\/165215"}],"wp:attachment":[{"href":"https:\/\/migracao.redenoticia.com.br\/noticia\/wp-json\/wp\/v2\/media?parent=166169"}],"wp:term":[{"taxonomy":"category","embeddable":true,"href":"https:\/\/migracao.redenoticia.com.br\/noticia\/wp-json\/wp\/v2\/categories?post=166169"},{"taxonomy":"post_tag","embeddable":true,"href":"https:\/\/migracao.redenoticia.com.br\/noticia\/wp-json\/wp\/v2\/tags?post=166169"}],"curies":[{"name":"wp","href":"https:\/\/api.w.org\/{rel}","templated":true}]}}