{"id":166214,"date":"2019-01-19T18:06:52","date_gmt":"2019-01-19T20:06:52","guid":{"rendered":"https:\/\/www.redenoticia.com.br\/noticia\/?p=166214"},"modified":"2019-01-20T17:36:16","modified_gmt":"2019-01-20T19:36:16","slug":"resumo-novela-o-tempo-nao-para-21-01-samuca-se-revolta-contra-petra","status":"publish","type":"post","link":"https:\/\/migracao.redenoticia.com.br\/noticia\/2019\/resumo-novela-o-tempo-nao-para-21-01-samuca-se-revolta-contra-petra\/166214","title":{"rendered":"Resumo novela \u201cO Tempo N\u00e3o Para\u201d 21\/01: Samuca se revolta contra Petra"},"content":{"rendered":"<p> <strong><em><img loading=\"lazy\" decoding=\"async\" class=\"aligncenter size-large wp-image-149486\" src=\"https:\/\/migracao.redenoticia.com.br\/noticia\/imagens\/o-tempo-nao-para-resumo-novela-33-400x225.jpg\" alt=\"\" width=\"400\" height=\"225\" srcset=\"https:\/\/migracao.redenoticia.com.br\/noticia\/imagens\/o-tempo-nao-para-resumo-novela-33-400x225.jpg 400w, https:\/\/migracao.redenoticia.com.br\/noticia\/imagens\/o-tempo-nao-para-resumo-novela-33-250x141.jpg 250w, https:\/\/migracao.redenoticia.com.br\/noticia\/imagens\/o-tempo-nao-para-resumo-novela-33-150x84.jpg 150w, https:\/\/migracao.redenoticia.com.br\/noticia\/imagens\/o-tempo-nao-para-resumo-novela-33.jpg 640w\" sizes=\"auto, (max-width: 400px) 100vw, 400px\" \/>Resumo novela \u201cO Tempo N\u00e3o Para\u201d 21\/01 <\/em><\/strong>: no cap\u00edtulo 150(*) da novela, resumo segunda-feira, 21 de janeiro, Marocas percebe que sua fam\u00edlia est\u00e1 confinada na pr\u00f3pria casa. Te\u00f3filo pede abrigo a Bar\u00e3o. Samuca recusa a orienta\u00e7\u00e3o de Petra para deixar a mans\u00e3o. Petra decide invadir a mans\u00e3o para retirar Samuca. Carmen e Vanda concluem que a reuni\u00e3o na Criotec era uma armadilha. Samuca \u00e9 levado pelos soldados. <\/p>\n<p>Bel\u00e9m avisa a Eliseu e Paulina que Adan ser\u00e1 condenado. Flor\u00eancio n\u00e3o concorda em esconder Te\u00f3filo, que acaba sendo detido para interrogat\u00f3rio. Vanda comunica a Carmen e a Samuca que a fam\u00edlia Sabino Machado agora pertence ao Estado. Samuca se revolta contra Petra.<\/p>\n<p>(*) edi\u00e7\u00e3o da Rede Globo, Novela \u201cO Tempo N\u00e3o Para\u201d, sujeito a altera\u00e7\u00e3o de data e conte\u00fado.<\/p>\n<p>Destaques<\/p>\n<p>Anos de avan\u00e7os e descobertas que moldaram costumes, h\u00e1bitos e linguagens da sociedade contempor\u00e2nea v\u00e3o gerar um choque em uma abastada fam\u00edlia do s\u00e9culo XIX que desperta no s\u00e9culo XXI. Por 132 anos, os Sabino Machado e seus agregados ficaram congelados, dentro de um bloco de gelo, enquanto a vida l\u00e1 fora passava. Agora, v\u00e3o despertar em uma S\u00e3o Paulo pulsante e turbulenta e se deparar com a sociedade em pleno 2018. &#8220;O Tempo N\u00e3o Para&#8221;, nova novela das 7, \u00e9 escrita por Mario Teixeira e tem dire\u00e7\u00e3o art\u00edstica de Leonardo Nogueira.<\/p>\n","protected":false},"excerpt":{"rendered":"<p>Resumo novela \u201cO Tempo N\u00e3o Para\u201d 21\/01 : no cap\u00edtulo 150(*) da novela, resumo segunda-feira, 21 de janeiro, Marocas percebe que sua fam\u00edlia est\u00e1 confinada na pr\u00f3pria casa. Te\u00f3filo pede abrigo a Bar\u00e3o. Samuca recusa a orienta\u00e7\u00e3o de Petra para deixar a mans\u00e3o. Petra decide invadir a mans\u00e3o para retirar Samuca. Carmen e Vanda concluem [&hellip;]<\/p>\n","protected":false},"author":2,"featured_media":148676,"comment_status":"open","ping_status":"closed","sticky":false,"template":"","format":"standard","meta":{"tdm_status":"","tdm_grid_status":"","footnotes":""},"categories":[379,490,375,343],"tags":[441],"class_list":{"0":"post-166214","1":"post","2":"type-post","3":"status-publish","4":"format-standard","5":"has-post-thumbnail","7":"category-novelas","8":"category-o-tempo-nao-para","9":"category-rede-globo","10":"category-televisao","11":"tag-resumo-do-dia"},"_links":{"self":[{"href":"https:\/\/migracao.redenoticia.com.br\/noticia\/wp-json\/wp\/v2\/posts\/166214","targetHints":{"allow":["GET"]}}],"collection":[{"href":"https:\/\/migracao.redenoticia.com.br\/noticia\/wp-json\/wp\/v2\/posts"}],"about":[{"href":"https:\/\/migracao.redenoticia.com.br\/noticia\/wp-json\/wp\/v2\/types\/post"}],"author":[{"embeddable":true,"href":"https:\/\/migracao.redenoticia.com.br\/noticia\/wp-json\/wp\/v2\/users\/2"}],"replies":[{"embeddable":true,"href":"https:\/\/migracao.redenoticia.com.br\/noticia\/wp-json\/wp\/v2\/comments?post=166214"}],"version-history":[{"count":0,"href":"https:\/\/migracao.redenoticia.com.br\/noticia\/wp-json\/wp\/v2\/posts\/166214\/revisions"}],"wp:featuredmedia":[{"embeddable":true,"href":"https:\/\/migracao.redenoticia.com.br\/noticia\/wp-json\/wp\/v2\/media\/148676"}],"wp:attachment":[{"href":"https:\/\/migracao.redenoticia.com.br\/noticia\/wp-json\/wp\/v2\/media?parent=166214"}],"wp:term":[{"taxonomy":"category","embeddable":true,"href":"https:\/\/migracao.redenoticia.com.br\/noticia\/wp-json\/wp\/v2\/categories?post=166214"},{"taxonomy":"post_tag","embeddable":true,"href":"https:\/\/migracao.redenoticia.com.br\/noticia\/wp-json\/wp\/v2\/tags?post=166214"}],"curies":[{"name":"wp","href":"https:\/\/api.w.org\/{rel}","templated":true}]}}