{"id":166277,"date":"2019-01-10T17:26:01","date_gmt":"2019-01-10T19:26:01","guid":{"rendered":"https:\/\/www.redenoticia.com.br\/noticia\/?p=166277"},"modified":"2019-01-27T01:23:43","modified_gmt":"2019-01-27T03:23:43","slug":"novela-cordel-encantado-virtuosa-mente-para-rei-augusto","status":"publish","type":"post","link":"https:\/\/migracao.redenoticia.com.br\/noticia\/2019\/novela-cordel-encantado-virtuosa-mente-para-rei-augusto\/166277","title":{"rendered":"Novela &#8220;Cordel Encantado&#8221;: Virtuosa mente para Rei Augusto"},"content":{"rendered":"<p><img loading=\"lazy\" decoding=\"async\" src=\"https:\/\/migracao.redenoticia.com.br\/noticia\/imagens\/cordel-003-400x300.jpg\" alt=\"\" width=\"400\" height=\"300\" class=\"aligncenter size-large wp-image-165215\" srcset=\"https:\/\/migracao.redenoticia.com.br\/noticia\/imagens\/cordel-003-400x300.jpg 400w, https:\/\/migracao.redenoticia.com.br\/noticia\/imagens\/cordel-003-250x187.jpg 250w, https:\/\/migracao.redenoticia.com.br\/noticia\/imagens\/cordel-003-150x113.jpg 150w, https:\/\/migracao.redenoticia.com.br\/noticia\/imagens\/cordel-003-265x198.jpg 265w, https:\/\/migracao.redenoticia.com.br\/noticia\/imagens\/cordel-003.jpg 480w\" sizes=\"auto, (max-width: 400px) 100vw, 400px\" \/><strong><em>Novela &#8220;Cordel Encantado&#8221;:<\/em><\/strong> Rei Augusto (Carmo Dalla Vecchia) promove um baile e depois entrar em v\u00e1rias casas de Brogod\u00f3 para procurar sua filha desaparecida. Padre Joaquim fornece uma lista dos batizados das jovens e ele checa as poss\u00edveis candidatas de acordo com a idade.<\/p>\n<p>Augusto descobre onde mora a cozinheira por quem se encantou. Depois, o rei visita Virtuosa (Ana Cec\u00edlia Costa) e Euz\u00e9bio (Enrique Diaz). Eles levam um susto, o Rei pergunta se eles t\u00eam uma filha de vinte anos e pede para v\u00ea-la.<\/p>\n<p>Augusto e Baldini (Emilio de Mello) percebem a afli\u00e7\u00e3o dos dois. \u201cDesculpem a pergunta, mas a menina \u00e9 adotada?\u201d, questiona Augusto. Virtuosa nega e Euz\u00e9bio garante que ela \u00e9 a cara da m\u00e3e. Pr\u00edncipe Felipe (Jayme Matarazzo) insiste em v\u00ea-la, mas eles afirmam que a mo\u00e7a n\u00e3o mora mais com eles, e sim com o marido.<\/p>\n<p>O rei vai embora, para o al\u00edvio dos pais de A\u00e7ucena (Bianca Bin): \u201cSe descobrem que a A\u00e7ucena \u00e9 princesa, podem querer dar cabo dela, como deram na rainha! Aquela mulher me deu a filha para que a bichinha vivesse. N\u00e3o vou entregar a menina para morte! N\u00e3o vou!\u201d.<\/p>\n<p>Destaques <\/p>\n<p>Sinopse &#8220;Cordel Encantado&#8221;: Augusto e sua rainha vivem uma vida harmoniosa e feliz, sem imaginar que est\u00e3o cercados por dois vil\u00f5es: \u00darsula (D\u00e9bora Bloch), cunhada do rei, e Nicolau (Luiz Fernando Guimar\u00e3es), o atrapalhado mordomo da corte. A bela, elegante e sofisticada duquesa \u00e9 a pessoa mais perigosa e falsa de todo o reino. Ajudada por Nicolau, seu amante, \u00darsula deseja se tornar rainha. E a viagem a Brogod\u00f3 \u00e9 a chance que a duquesa sempre quis para se livrar de Cristina e da princesa.<\/p>\n<p>A sede de poder da dupla de vil\u00f5es \u00e9 crescente: no Brasil, para onde se muda com a corte europeia, o casal continua a planejar e executar planos para conseguir o que quer. No decorrer da novela, revela-se que Lady Cec\u00edlia (Sofia Terra), que \u00darsula criava como sobrinha, \u00e9 filha da vil\u00e3 com o general Baldini (Em\u00edlio de Mello), militar do ex\u00e9rcito de Ser\u00e1fia do Norte.<\/p>\n<p>Fonte Rede Globo &#8220;Cordel Encantado\u201d<\/p>\n","protected":false},"excerpt":{"rendered":"<p>Novela &#8220;Cordel Encantado&#8221;: Rei Augusto (Carmo Dalla Vecchia) promove um baile e depois entrar em v\u00e1rias casas de Brogod\u00f3 para procurar sua filha desaparecida. Padre Joaquim fornece uma lista dos batizados das jovens e ele checa as poss\u00edveis candidatas de acordo com a idade. Augusto descobre onde mora a cozinheira por quem se encantou. Depois, [&hellip;]<\/p>\n","protected":false},"author":2,"featured_media":165217,"comment_status":"open","ping_status":"closed","sticky":false,"template":"","format":"standard","meta":{"tdm_status":"","tdm_grid_status":"","footnotes":""},"categories":[535,379,375,343],"tags":[440],"class_list":{"0":"post-166277","1":"post","2":"type-post","3":"status-publish","4":"format-standard","5":"has-post-thumbnail","7":"category-cordel-encantado","8":"category-novelas","9":"category-rede-globo","10":"category-televisao","11":"tag-noticia-novela"},"_links":{"self":[{"href":"https:\/\/migracao.redenoticia.com.br\/noticia\/wp-json\/wp\/v2\/posts\/166277","targetHints":{"allow":["GET"]}}],"collection":[{"href":"https:\/\/migracao.redenoticia.com.br\/noticia\/wp-json\/wp\/v2\/posts"}],"about":[{"href":"https:\/\/migracao.redenoticia.com.br\/noticia\/wp-json\/wp\/v2\/types\/post"}],"author":[{"embeddable":true,"href":"https:\/\/migracao.redenoticia.com.br\/noticia\/wp-json\/wp\/v2\/users\/2"}],"replies":[{"embeddable":true,"href":"https:\/\/migracao.redenoticia.com.br\/noticia\/wp-json\/wp\/v2\/comments?post=166277"}],"version-history":[{"count":0,"href":"https:\/\/migracao.redenoticia.com.br\/noticia\/wp-json\/wp\/v2\/posts\/166277\/revisions"}],"wp:featuredmedia":[{"embeddable":true,"href":"https:\/\/migracao.redenoticia.com.br\/noticia\/wp-json\/wp\/v2\/media\/165217"}],"wp:attachment":[{"href":"https:\/\/migracao.redenoticia.com.br\/noticia\/wp-json\/wp\/v2\/media?parent=166277"}],"wp:term":[{"taxonomy":"category","embeddable":true,"href":"https:\/\/migracao.redenoticia.com.br\/noticia\/wp-json\/wp\/v2\/categories?post=166277"},{"taxonomy":"post_tag","embeddable":true,"href":"https:\/\/migracao.redenoticia.com.br\/noticia\/wp-json\/wp\/v2\/tags?post=166277"}],"curies":[{"name":"wp","href":"https:\/\/api.w.org\/{rel}","templated":true}]}}