{"id":166278,"date":"2019-01-20T17:29:18","date_gmt":"2019-01-20T19:29:18","guid":{"rendered":"https:\/\/www.redenoticia.com.br\/noticia\/?p=166278"},"modified":"2019-01-21T14:59:20","modified_gmt":"2019-01-21T16:59:20","slug":"novela-cordel-encantado-herculano-salva-jesuino-de-armadilha-de-timoteo","status":"publish","type":"post","link":"https:\/\/migracao.redenoticia.com.br\/noticia\/2019\/novela-cordel-encantado-herculano-salva-jesuino-de-armadilha-de-timoteo\/166278","title":{"rendered":"Novela &#8220;Cordel Encantado&#8221;: Herculano salva Jesu\u00edno de armadilha de Tim\u00f3teo"},"content":{"rendered":"<p><img loading=\"lazy\" decoding=\"async\" class=\"aligncenter size-large wp-image-165216\" src=\"https:\/\/migracao.redenoticia.com.br\/noticia\/imagens\/cordel-002-400x300.jpg\" alt=\"\" width=\"400\" height=\"300\" srcset=\"https:\/\/migracao.redenoticia.com.br\/noticia\/imagens\/cordel-002-400x300.jpg 400w, https:\/\/migracao.redenoticia.com.br\/noticia\/imagens\/cordel-002-250x187.jpg 250w, https:\/\/migracao.redenoticia.com.br\/noticia\/imagens\/cordel-002-150x113.jpg 150w, https:\/\/migracao.redenoticia.com.br\/noticia\/imagens\/cordel-002-265x198.jpg 265w, https:\/\/migracao.redenoticia.com.br\/noticia\/imagens\/cordel-002-560x420.jpg 560w, https:\/\/migracao.redenoticia.com.br\/noticia\/imagens\/cordel-002.jpg 620w\" sizes=\"auto, (max-width: 400px) 100vw, 400px\" \/><strong><em>Novela &#8220;Cordel Encantado&#8221;:<\/em><\/strong> Janu\u00e1rio Cabral (Reginaldo Faria) manda Jesu\u00edno (Cau\u00e3 Reymond) voltar ao brejo onde jogou a chave do carro de Tim\u00f3teo (Bruno Gagliasso), para recuperar o objeto perdido. No local, Tim\u00f3teo parte para cima do sertanejo com ajuda de Tibungo (Land Vieira). Jesu\u00edno \u00e9 imobilizado, Herculano (Domingos Montagner) aparece e deixa Tim\u00f3teo e seu comparsa apavorados: \u201cDois valentes no dois contra um. Cad\u00ea a valentia agora?\u201d<\/p>\n<p>Tim\u00f3teo e Tibungo saem correndo. Jesu\u00edno se apresenta e aperta a m\u00e3o de Herculano, sem saber que est\u00e1 diante de seu pai. Ao se abaixar para pegar a chave do carro no ch\u00e3o, a medalha de Santa Eud\u00f3xia escorrega e desperta a curiosidade do capit\u00e3o: \u201cQue mal lhe pergunte, Jesu\u00edno, que medalha \u00e9 essa que voc\u00ea tem no peito?\u201d.<\/p>\n<p>Jesu\u00edno avisa que tem seus motivos para n\u00e3o dizer de onde vem a joia. Herculano pega o filho pelo bra\u00e7o: \u201cMoleque, me respeite! Que de minha fama tu n\u00e3o conhece nem sombra\u201d.<\/p>\n<p>Jesu\u00edno diz que n\u00e3o gosta de ladr\u00f5es e deixa o cangaceiro tocado: \u201cPelo menos, coragem tu tem de sobra, cabra. Tu sabe de onde vem essa valentia, Jesu\u00edno?\u201d, questiona o capit\u00e3o, antes de ir embora levando os cavalos de Tim\u00f3teo e Tibungo. Sem entender, Jesu\u00edno pergunta para si mesmo: \u201cDe onde vem minha valentia?\u201d.<\/p>\n<p>Destaques<\/p>\n<p>Sinopse &#8220;Cordel Encantado&#8221;: Augusto e sua rainha vivem uma vida harmoniosa e feliz, sem imaginar que est\u00e3o cercados por dois vil\u00f5es: \u00darsula (D\u00e9bora Bloch), cunhada do rei, e Nicolau (Luiz Fernando Guimar\u00e3es), o atrapalhado mordomo da corte. A bela, elegante e sofisticada duquesa \u00e9 a pessoa mais perigosa e falsa de todo o reino. Ajudada por Nicolau, seu amante, \u00darsula deseja se tornar rainha. E a viagem a Brogod\u00f3 \u00e9 a chance que a duquesa sempre quis para se livrar de Cristina e da princesa.<\/p>\n<p>A sede de poder da dupla de vil\u00f5es \u00e9 crescente: no Brasil, para onde se muda com a corte europeia, o casal continua a planejar e executar planos para conseguir o que quer. No decorrer da novela, revela-se que Lady Cec\u00edlia (Sofia Terra), que \u00darsula criava como sobrinha, \u00e9 filha da vil\u00e3 com o general Baldini (Em\u00edlio de Mello), militar do ex\u00e9rcito de Ser\u00e1fia do Norte.<\/p>\n<p>Fonte Rede Globo &#8220;Cordel Encantado\u201d<\/p>\n","protected":false},"excerpt":{"rendered":"<p>Novela &#8220;Cordel Encantado&#8221;: Janu\u00e1rio Cabral (Reginaldo Faria) manda Jesu\u00edno (Cau\u00e3 Reymond) voltar ao brejo onde jogou a chave do carro de Tim\u00f3teo (Bruno Gagliasso), para recuperar o objeto perdido. No local, Tim\u00f3teo parte para cima do sertanejo com ajuda de Tibungo (Land Vieira). Jesu\u00edno \u00e9 imobilizado, Herculano (Domingos Montagner) aparece e deixa Tim\u00f3teo e seu [&hellip;]<\/p>\n","protected":false},"author":2,"featured_media":165214,"comment_status":"open","ping_status":"closed","sticky":false,"template":"","format":"standard","meta":{"tdm_status":"","tdm_grid_status":"","footnotes":""},"categories":[535,379,375,343],"tags":[440],"class_list":{"0":"post-166278","1":"post","2":"type-post","3":"status-publish","4":"format-standard","5":"has-post-thumbnail","7":"category-cordel-encantado","8":"category-novelas","9":"category-rede-globo","10":"category-televisao","11":"tag-noticia-novela"},"_links":{"self":[{"href":"https:\/\/migracao.redenoticia.com.br\/noticia\/wp-json\/wp\/v2\/posts\/166278","targetHints":{"allow":["GET"]}}],"collection":[{"href":"https:\/\/migracao.redenoticia.com.br\/noticia\/wp-json\/wp\/v2\/posts"}],"about":[{"href":"https:\/\/migracao.redenoticia.com.br\/noticia\/wp-json\/wp\/v2\/types\/post"}],"author":[{"embeddable":true,"href":"https:\/\/migracao.redenoticia.com.br\/noticia\/wp-json\/wp\/v2\/users\/2"}],"replies":[{"embeddable":true,"href":"https:\/\/migracao.redenoticia.com.br\/noticia\/wp-json\/wp\/v2\/comments?post=166278"}],"version-history":[{"count":0,"href":"https:\/\/migracao.redenoticia.com.br\/noticia\/wp-json\/wp\/v2\/posts\/166278\/revisions"}],"wp:featuredmedia":[{"embeddable":true,"href":"https:\/\/migracao.redenoticia.com.br\/noticia\/wp-json\/wp\/v2\/media\/165214"}],"wp:attachment":[{"href":"https:\/\/migracao.redenoticia.com.br\/noticia\/wp-json\/wp\/v2\/media?parent=166278"}],"wp:term":[{"taxonomy":"category","embeddable":true,"href":"https:\/\/migracao.redenoticia.com.br\/noticia\/wp-json\/wp\/v2\/categories?post=166278"},{"taxonomy":"post_tag","embeddable":true,"href":"https:\/\/migracao.redenoticia.com.br\/noticia\/wp-json\/wp\/v2\/tags?post=166278"}],"curies":[{"name":"wp","href":"https:\/\/api.w.org\/{rel}","templated":true}]}}