{"id":166334,"date":"2019-01-10T15:51:26","date_gmt":"2019-01-10T17:51:26","guid":{"rendered":"https:\/\/www.redenoticia.com.br\/noticia\/?p=166334"},"modified":"2019-01-27T01:25:01","modified_gmt":"2019-01-27T03:25:01","slug":"resumo-novela-cordel-encantado-22-01-efigenia-afirma-que-acucena-e-a-sua-neta","status":"publish","type":"post","link":"https:\/\/migracao.redenoticia.com.br\/noticia\/2019\/resumo-novela-cordel-encantado-22-01-efigenia-afirma-que-acucena-e-a-sua-neta\/166334","title":{"rendered":"Resumo novela \u201cCordel Encantado\u201d 22\/01: Efig\u00eania afirma que A\u00e7ucena \u00e9 a sua neta"},"content":{"rendered":"<p><img loading=\"lazy\" decoding=\"async\" class=\"aligncenter size-large wp-image-165214\" src=\"https:\/\/migracao.redenoticia.com.br\/noticia\/imagens\/cordel-004-319x300.jpg\" alt=\"\" width=\"319\" height=\"300\" srcset=\"https:\/\/migracao.redenoticia.com.br\/noticia\/imagens\/cordel-004-319x300.jpg 319w, https:\/\/migracao.redenoticia.com.br\/noticia\/imagens\/cordel-004-199x187.jpg 199w, https:\/\/migracao.redenoticia.com.br\/noticia\/imagens\/cordel-004-150x141.jpg 150w, https:\/\/migracao.redenoticia.com.br\/noticia\/imagens\/cordel-004.jpg 669w, https:\/\/migracao.redenoticia.com.br\/noticia\/imagens\/cordel-004-560x527.jpg 560w\" sizes=\"auto, (max-width: 319px) 100vw, 319px\" \/><strong><em>Resumo novela \u201cCordel Encantado\u201d 22\/01 <\/em><\/strong>: no cap\u00edtulo 007(*) da novela, resumo de ter\u00e7a-feira, 22 de janeiro, \u00darsula diz a Nicolau que eles precisam acabar com a verdadeira princesa Aurora. A\u00e7ucena n\u00e3o deixa que Jesu\u00edno use a joia que ela lhe deu. In\u00e1cio fica encantado com a filha de Janu\u00e1rio e Zen\u00f3bio se preocupa. Dora pisa no p\u00e9 de Felipe ao v\u00ea-lo sorrir para as outras candidatas a princesa. Baldini chama Neusa para dan\u00e7ar e Farid fica indignado. Tim\u00f3teo entra no quarto atr\u00e1s de Carlota, mas Nicolau impede que os dois se beijem. Jesu\u00edno e C\u00edcero tentam desatolar a carro\u00e7a. Ces\u00e1ria suspira ao olhar para Augusto no sal\u00e3o.<\/p>\n<p>Virtuosa descobre que A\u00e7ucena fugiu para ir ao baile. \u00darsula exige que Carlota n\u00e3o pense em Tim\u00f3teo. Janu\u00e1rio manda Bator\u00e9 procurar sua filha. In\u00e1cio beija Ant\u00f4nia. \u00darsula pede para Bel marcar um encontro com Herculano. O baile acaba e Augusto fica frustrado por n\u00e3o ter encontrado sua filha. In\u00e1cio e Ant\u00f4nia se despedem apaixonados. Janu\u00e1rio manda Tim\u00f3teo procurar Ant\u00f4nia. A\u00e7ucena chega ao baile. Tim\u00f3teo n\u00e3o deixa Jesu\u00edno entrar no pal\u00e1cio do governo. Felipe fica encantado ao ver A\u00e7ucena e Augusto sugere que eles dancem. Efig\u00eania tem uma lembran\u00e7a de quando Aurora nasceu e afirma que A\u00e7ucena \u00e9 a sua neta.<\/p>\n<p>(*) edi\u00e7\u00e3o da Rede Globo, Novela \u201cCordel Encantado\u201d, sujeito a altera\u00e7\u00e3o de data e conte\u00fado.<\/p>\n<p>Sinopse \u201cCordel Encantado\u201d: Vendo o marido muito ferido, depois de mais uma terr\u00edvel batalha, a rainha Helena (Mariana Lima) vai ao castelo inimigo amaldi\u00e7oar toda a fam\u00edlia do rei Augusto. Faz isso gr\u00e1vida de In\u00e1cio (Maur\u00edcio Destri) e acompanhada de seu filho mais velho, Felipe (Jayme Matarazzo). O monarca se comove com a dor de Helena e, por sugest\u00e3o de Cristina, prop\u00f5e um acordo a Teobaldo, ferido mortalmente: seus primog\u00eanitos Aurora e Felipe devem se casar quando atingirem a maior idade, unificando e trazendo paz aos dois estados. Teobaldo aceita o acordo e morre logo depois. As duas crian\u00e7as s\u00e3o apresentadas publicamente como os futuros reis de Ser\u00e1fia.<\/p>\n<p>Seguindo a interpreta\u00e7\u00e3o on\u00edrica feita por Amadeus, uma longa viagem come\u00e7a a ser planejada. Zen\u00f3bio Alfredo (Guilherme Fontes), bot\u00e2nico de Ser\u00e1fia do Norte, que estava no Brasil envolvido com pesquisas cient\u00edficas, traz ao rei not\u00edcias de um tesouro, escondido em terras tropicais pelo fundador do reino, Dom Serafim. O bot\u00e2nico sugere que o rei financie uma expedi\u00e7\u00e3o a Brogod\u00f3, e Augusto, amante das ci\u00eancias e das aventuras, n\u00e3o s\u00f3 concorda com a ideia como faz quest\u00e3o de liderar a empreitada. O rei s\u00f3 n\u00e3o contava que sua esposa, a rainha Cristina, resolveria acompanh\u00e1-lo, levando consigo a pequena Aurora.<\/p>\n","protected":false},"excerpt":{"rendered":"<p>Resumo novela \u201cCordel Encantado\u201d 22\/01 : no cap\u00edtulo 007(*) da novela, resumo de ter\u00e7a-feira, 22 de janeiro, \u00darsula diz a Nicolau que eles precisam acabar com a verdadeira princesa Aurora. A\u00e7ucena n\u00e3o deixa que Jesu\u00edno use a joia que ela lhe deu. In\u00e1cio fica encantado com a filha de Janu\u00e1rio e Zen\u00f3bio se preocupa. Dora [&hellip;]<\/p>\n","protected":false},"author":4,"featured_media":165215,"comment_status":"open","ping_status":"closed","sticky":false,"template":"","format":"standard","meta":{"tdm_status":"","tdm_grid_status":"","footnotes":""},"categories":[535,379,375,343],"tags":[441],"class_list":{"0":"post-166334","1":"post","2":"type-post","3":"status-publish","4":"format-standard","5":"has-post-thumbnail","7":"category-cordel-encantado","8":"category-novelas","9":"category-rede-globo","10":"category-televisao","11":"tag-resumo-do-dia"},"_links":{"self":[{"href":"https:\/\/migracao.redenoticia.com.br\/noticia\/wp-json\/wp\/v2\/posts\/166334","targetHints":{"allow":["GET"]}}],"collection":[{"href":"https:\/\/migracao.redenoticia.com.br\/noticia\/wp-json\/wp\/v2\/posts"}],"about":[{"href":"https:\/\/migracao.redenoticia.com.br\/noticia\/wp-json\/wp\/v2\/types\/post"}],"author":[{"embeddable":true,"href":"https:\/\/migracao.redenoticia.com.br\/noticia\/wp-json\/wp\/v2\/users\/4"}],"replies":[{"embeddable":true,"href":"https:\/\/migracao.redenoticia.com.br\/noticia\/wp-json\/wp\/v2\/comments?post=166334"}],"version-history":[{"count":0,"href":"https:\/\/migracao.redenoticia.com.br\/noticia\/wp-json\/wp\/v2\/posts\/166334\/revisions"}],"wp:featuredmedia":[{"embeddable":true,"href":"https:\/\/migracao.redenoticia.com.br\/noticia\/wp-json\/wp\/v2\/media\/165215"}],"wp:attachment":[{"href":"https:\/\/migracao.redenoticia.com.br\/noticia\/wp-json\/wp\/v2\/media?parent=166334"}],"wp:term":[{"taxonomy":"category","embeddable":true,"href":"https:\/\/migracao.redenoticia.com.br\/noticia\/wp-json\/wp\/v2\/categories?post=166334"},{"taxonomy":"post_tag","embeddable":true,"href":"https:\/\/migracao.redenoticia.com.br\/noticia\/wp-json\/wp\/v2\/tags?post=166334"}],"curies":[{"name":"wp","href":"https:\/\/api.w.org\/{rel}","templated":true}]}}