{"id":166473,"date":"2019-01-22T23:33:16","date_gmt":"2019-01-23T01:33:16","guid":{"rendered":"https:\/\/www.redenoticia.com.br\/noticia\/?p=166473"},"modified":"2019-01-22T23:46:05","modified_gmt":"2019-01-23T01:46:05","slug":"enquete-bbb-19-votacao-quem-sai-no-super-paredao","status":"publish","type":"post","link":"https:\/\/migracao.redenoticia.com.br\/noticia\/2019\/enquete-bbb-19-votacao-quem-sai-no-super-paredao\/166473","title":{"rendered":"Enquete &#8220;BBB&#8221; 19 vota\u00e7\u00e3o: quem sai no s\u00faper pared\u00e3o"},"content":{"rendered":"\n<div class=\"wp-block-image\"><figure class=\"aligncenter\"><img loading=\"lazy\" decoding=\"async\" width=\"329\" height=\"300\" src=\"https:\/\/migracao.redenoticia.com.br\/noticia\/imagens\/BBB-enquete-votacao-resultado-001-329x300.jpg\" alt=\"Big Brother Brasil BBB 19 Enquete Vota\u00e7\u00e3o Resultado\" class=\"wp-image-166031\" srcset=\"https:\/\/migracao.redenoticia.com.br\/noticia\/imagens\/BBB-enquete-votacao-resultado-001-329x300.jpg 329w, https:\/\/migracao.redenoticia.com.br\/noticia\/imagens\/BBB-enquete-votacao-resultado-001-205x187.jpg 205w, https:\/\/migracao.redenoticia.com.br\/noticia\/imagens\/BBB-enquete-votacao-resultado-001-150x137.jpg 150w, https:\/\/migracao.redenoticia.com.br\/noticia\/imagens\/BBB-enquete-votacao-resultado-001-560x510.jpg 560w, https:\/\/migracao.redenoticia.com.br\/noticia\/imagens\/BBB-enquete-votacao-resultado-001.jpg 620w\" sizes=\"auto, (max-width: 329px) 100vw, 329px\" \/><\/figure><\/div>\n\n\n<p>A <em><strong>enquete &#8220;BBB&#8221; 19 que pesquisa a vota\u00e7\u00e3o<\/strong><\/em> no super pared\u00e3o indica que o resultado de <em><strong>quem sai no s\u00faper pared\u00e3o<\/strong><\/em> est\u00e1 bastante indefinido. Em 22\/01, \u00e0s 14h15, 12 dos 14 participantes continuam praticamente empatados. Apenas Maycon e Isabella parecem estar livres da elimina\u00e7\u00e3o. O resultado oficial sai no programa desta ter\u00e7a, 22.<\/p>\n<p>Veja o resultado parcial da vota\u00e7\u00e3o na enquete que pesquisa &#8211; &#8220;BBB&#8221; 19: quem deve ficar no programa ap\u00f3s S\u00faper Pared\u00e3o<\/p>\n<p>Maycon 15.46% (4,575 votos);<br \/>Isabella 11.79% (3,489 votos);<br \/>R\u00edzia 7.02% (2,079 votos);<br \/>Hariany 6.97% (2,064 votos);<br \/>Elana 6.58% (1,948 votos);<br \/>Hana 6.58% (1,947 votos);<br \/>Carolina 6.48% (1,917 votos);<br \/>Rodrigo 6.21% (1,839 votos);<br \/>Gabriela 5.68% (1,682 votos);<br \/>Tereza 5.63% (1,666 votos);<br \/>Vinicius 5.5% (1,628 votos);<br \/>Diego 5.41% (1,600 votos);<br \/>Vanderson 5.35% (1,584 votos);<br \/>Alan 5.34% (1,581 votos).<br \/>Total de Votos 29.599.<\/p>\n<p>Vinicius teve apenas 3,73% dos votos do p\u00fablico e foi eliminado.<\/p>\n<p><script type=\"text\/javascript\" charset=\"utf-8\" data-cfasync=\"false\" src=\"https:\/\/secure.polldaddy.com\/p\/10214824.js\"><\/script><br \/><noscript><a href=\"https:\/\/poll.fm\/10214824\">&#8220;BBB&#8221; 19: quem deve ficar no programa ap\u00f3s S\u00faper Pared\u00e3o<\/a><\/noscript><\/p>\n<p>Se voc\u00ea n\u00e3o est\u00e1 vendo a enquete, clique no link\u00a0<a href=\"https:\/\/novelas.redenoticia.com.br\/bbb-19-enquete-quem-deve-ficar-no-programa-apos-super-paredao\/118051\/\">&#8220;BBB&#8221; 19 enquete: quem deve ficar no programa ap\u00f3s S\u00faper Pared\u00e3o<\/a><\/p>\n<p>&#8211;Conhe\u00e7a os BBB`s desta edi\u00e7\u00e3o:<\/p>\n<p>Alan \u2013 empres\u00e1rio e administrador, o brother, de Crici\u00fama (SC), tem 26 anos e \u00e9 considerado mulherengo pela fam\u00edlia.<\/p>\n<p>Carolina \u2013 a baiana tem 33 anos, \u00e9 publicit\u00e1ria e empres\u00e1ria. O seu amuleto \u00e9 dar \u201cBom dia\u201d ao sol.<\/p>\n<p>Danrley \u2013 brother mais jovem da edi\u00e7\u00e3o. O carioca tem 19 anos, cursa Biologia e vende picol\u00e9 na praia nos fins de semana.<\/p>\n<p>Diego \u2013 empres\u00e1rio, campe\u00e3o brasileiro de la\u00e7o e com 30 anos de idade, ele entra na casa solteiro. \u00c9 de Rio Negrinho, Santa Catarina. NUNCA fez dieta.<\/p>\n<p>Elana \u2013 tem 25 anos, \u00e9 engenheira agr\u00f4noma e mora no sert\u00e3o do Piau\u00ed. Seu primeiro banho de chuveiro foi aos seis anos de idade.<\/p>\n<p>F\u00e1bio \u2013 desclassificado antes de entrar no programa. Ele n\u00e3o ser\u00e1 substitu\u00eddo.<\/p>\n<p>Gabriela \u2013 com 32 anos, a sister mora em Ribeir\u00e3o Preto e \u00e9 designer gr\u00e1fica e percussionista. \u00c9 f\u00e3 de Beyonc\u00e9 e imitava as Spice Girls na inf\u00e2ncia.<\/p>\n<p>Gustavo \u2013 m\u00e9dico oftalmologista, o brother tem 37 anos e terminou a rela\u00e7\u00e3o para estar solteir\u00edssimo no reality. Ele apaga todas as conversas em aplicativos de mensagens.<\/p>\n<p>Hana \u2013 carioca de 22 anos, \u00e9 bacharel em Cinema e produz v\u00eddeos para a internet. J\u00e1 doou medula \u00f3ssea para o irm\u00e3o.<\/p>\n<p>Hariany \u2013 mora em Senador Canedo, Goi\u00e1s, tem 21 anos, estuda Design de Moda e sonha em ser famosa. A sister j\u00e1 ficou com tr\u00eas sertanejos famosos.<\/p>\n<p>Isabella \u2013 com 24 anos, a sister \u00e9 de Natal\/RN e morou at\u00e9 os sete anos da It\u00e1lia. Foi Miss Natal 2014.<\/p>\n<p>Maycon \u2013 \u00e9 de Piumhi (MG) e tem 27 anos. Vendedor de queijos e barman, o brother tem vontade de ser cantor. Ele j\u00e1 namorou 12 vezes.<\/p>\n<p>Paula \u2013 Bacharel em Direito, tem 28 anos, \u00e9 de Lagoa Santa, Minas Gerais. A sister \u00e9 dona de uma porca, a Pippa.<\/p>\n<p>R\u00edzia \u2013 de 24 anos. A alagoana, de S\u00e3o Miguel dos Campos, luta por quest\u00f5es sociais. \u00c9 apaixonada por fotografia.<\/p>\n<p>Rodrigo \u2013 tem 40 anos, \u00e9 trig\u00eameo e defende a representatividade dos negros. O carioca ensinou a av\u00f3 a ler.<\/p>\n<p>Tereza \u2013 pernambucana, tem 52 anos e j\u00e1 se casou seis vezes. Para o seu filho, a participante compartilhava o sonho de entrar no \u201cBBB\u201d.<\/p>\n<p>Vanderson \u2013 de Rio Branco (AC). O bi\u00f3logo de 35 anos percorre aldeias ind\u00edgenas capacitando professores em Ci\u00eancia da Natureza. Ele faz croch\u00ea e toca ukulele.<\/p>\n<p>Vinicius \u2013 artista pl\u00e1stico, de Belo Horizonte (MG), 40 anos, \u00e9 apaixonado por m\u00fasica eletr\u00f4nica e promete movimentar a casa com seu jeito impaciente.<\/p>","protected":false},"excerpt":{"rendered":"<p>A enquete &#8220;BBB&#8221; 19 que pesquisa a vota\u00e7\u00e3o no super pared\u00e3o indica que o resultado de quem sai no s\u00faper pared\u00e3o est\u00e1 bastante indefinido. Em 22\/01, \u00e0s 14h15, 12 dos 14 participantes continuam praticamente empatados. Apenas Maycon e Isabella parecem estar livres da elimina\u00e7\u00e3o. O resultado oficial sai no programa desta ter\u00e7a, 22. Veja o [&hellip;]<\/p>\n","protected":false},"author":2,"featured_media":166033,"comment_status":"open","ping_status":"closed","sticky":false,"template":"","format":"standard","meta":{"tdm_status":"","tdm_grid_status":"","footnotes":""},"categories":[379,375,343],"tags":[466,521,523],"class_list":{"0":"post-166473","1":"post","2":"type-post","3":"status-publish","4":"format-standard","5":"has-post-thumbnail","7":"category-novelas","8":"category-rede-globo","9":"category-televisao","10":"tag-bbb","11":"tag-enquete","12":"tag-variedades"},"_links":{"self":[{"href":"https:\/\/migracao.redenoticia.com.br\/noticia\/wp-json\/wp\/v2\/posts\/166473","targetHints":{"allow":["GET"]}}],"collection":[{"href":"https:\/\/migracao.redenoticia.com.br\/noticia\/wp-json\/wp\/v2\/posts"}],"about":[{"href":"https:\/\/migracao.redenoticia.com.br\/noticia\/wp-json\/wp\/v2\/types\/post"}],"author":[{"embeddable":true,"href":"https:\/\/migracao.redenoticia.com.br\/noticia\/wp-json\/wp\/v2\/users\/2"}],"replies":[{"embeddable":true,"href":"https:\/\/migracao.redenoticia.com.br\/noticia\/wp-json\/wp\/v2\/comments?post=166473"}],"version-history":[{"count":0,"href":"https:\/\/migracao.redenoticia.com.br\/noticia\/wp-json\/wp\/v2\/posts\/166473\/revisions"}],"wp:featuredmedia":[{"embeddable":true,"href":"https:\/\/migracao.redenoticia.com.br\/noticia\/wp-json\/wp\/v2\/media\/166033"}],"wp:attachment":[{"href":"https:\/\/migracao.redenoticia.com.br\/noticia\/wp-json\/wp\/v2\/media?parent=166473"}],"wp:term":[{"taxonomy":"category","embeddable":true,"href":"https:\/\/migracao.redenoticia.com.br\/noticia\/wp-json\/wp\/v2\/categories?post=166473"},{"taxonomy":"post_tag","embeddable":true,"href":"https:\/\/migracao.redenoticia.com.br\/noticia\/wp-json\/wp\/v2\/tags?post=166473"}],"curies":[{"name":"wp","href":"https:\/\/api.w.org\/{rel}","templated":true}]}}