{"id":166575,"date":"2019-01-22T22:31:50","date_gmt":"2019-01-23T00:31:50","guid":{"rendered":"https:\/\/www.redenoticia.com.br\/noticia\/?p=166575"},"modified":"2019-01-22T22:31:51","modified_gmt":"2019-01-23T00:31:51","slug":"programacao-especial-agita-o-aniversario-de-sao-paulo","status":"publish","type":"post","link":"https:\/\/migracao.redenoticia.com.br\/noticia\/2019\/programacao-especial-agita-o-aniversario-de-sao-paulo\/166575","title":{"rendered":"Programa\u00e7\u00e3o especial agita o anivers\u00e1rio de S\u00e3o Paulo"},"content":{"rendered":"\n<p>Em comemora\u00e7\u00e3o ao anivers\u00e1rio de 465 anos da cidade de S\u00e3o Paulo, museus da&nbsp;<strong>Secretaria de Cultura e Economia Criativa do Estado&nbsp;<\/strong>v\u00e3o ampliar o hor\u00e1rio de funcionamento no feriado de 25 de janeiro e ter\u00e3o entrada gratuita na data.<\/p>\n\n\n\n<p>Os espa\u00e7os estar\u00e3o abertos para visita\u00e7\u00e3o at\u00e9 meia-noite e ter\u00e3o programa\u00e7\u00e3o especial em homenagem \u00e0 data, com atividades relacionadas \u00e0 hist\u00f3ria, \u00e0 cultura e \u00e0 diversidade da cidade.&nbsp;<strong>Para garantir o acesso \u00e0 programa\u00e7\u00e3o, todas as linhas do Metr\u00f4 e da CPTM v\u00e3o funcionar em hor\u00e1rio especial na data, at\u00e9 1h.<\/strong><\/p>\n\n\n\n<p>\u201cQueremos aproveitar a data para mostrar que S\u00e3o Paulo vive, pulsa e \u00e9 cultura. Um dos principais objetivos da Secretaria \u00e9 incentivar que as pessoas conhe\u00e7am e explorem suas cidades. Essa a\u00e7\u00e3o foi pensada como um presente para a cidade, que ter\u00e1 uma noite diferente: cultural, acess\u00edvel, gratuita e com arte de qualidade\u201d, destaca o secret\u00e1rio S\u00e9rgio S\u00e1 Leit\u00e3o.<\/p>\n\n\n\n<p>Confira os museus que ter\u00e3o entrada gratuita e ficar\u00e3o abertos at\u00e9 meia-noite, e a programa\u00e7\u00e3o que acontece por toda a cidade:<\/p>\n\n\n\n<p>Na Mooca, o&nbsp;<strong>Museu da Imigra\u00e7\u00e3o<\/strong>&nbsp;abordar\u00e1 os temas arquitetura, patrim\u00f4nio e a trajet\u00f3ria industrial da cidade. No dia 25, das 9h \u00e0s 13h, a oficina \u201cA Fotografia e a Preserva\u00e7\u00e3o Arquitet\u00f4nica\u201d, ministrada por Claudia Chedid, vai apresentar t\u00e9cnicas de fotografia, propor uma reflex\u00e3o sobre as ideias e pensamentos de John Ruskin \u2013 precursor na preserva\u00e7\u00e3o de obras \u2013 e convidar os participantes a fotografarem os cen\u00e1rios da antiga Hospedaria de Imigrantes do Br\u00e1s e as exposi\u00e7\u00f5es do museu.<\/p>\n\n\n\n<p>Para participar, \u00e9 necess\u00e1rio possuir c\u00e2mera fotogr\u00e1fica digital e realizar a inscri\u00e7\u00e3o pelo email\u00a0m.souto@museudaimigracao.org.br. \u00c0s 14h, ser\u00e1 exibido o filme \u201cEntreVilas\u201d, que mostra o cotidiano de vilas e as lutas oper\u00e1rias que marcaram a trajet\u00f3ria industrial de S\u00e3o Paulo. Em seguida, a produ\u00e7\u00e3o do filme comandar\u00e1 uma roda de conversa com o p\u00fablico e visita \u00e0 exposi\u00e7\u00e3o \u201cSinta-se em Casa\u201d. Os interessados em participar devem enviar um e-mail para\u00a0inscricao@museudaimigracao.org.br.<\/p>\n\n\n\n<p>Na regi\u00e3o da Luz, a&nbsp;<strong>Pinacoteca<\/strong>&nbsp;ter\u00e1, das 10h \u00e0 meia-noite, os&nbsp;<em>food trucks&nbsp;<\/em>Box Brothers, Box da Fruta, Igual da Feira e Fogazza Sobre Rodas no estacionamento. Das 11h \u00e0s 15h, o \u201cJoga Junto\u201d vai promover atividades educativas relacionadas \u00e0s obras em exposi\u00e7\u00e3o para as crian\u00e7as e fam\u00edlias. \u00c0s 18h, o audit\u00f3rio da Pinacoteca vai ser reinaugurado com pocket-show voz e viol\u00e3o de Zez\u00e9 Motta, apresentando faixas de \u201cO Samba Mandou me Chamar\u201d, \u00e1lbum rec\u00e9m-lan\u00e7ado pela cantora.<\/p>\n\n\n\n<p>Os visitantes poder\u00e3o aproveitar, at\u00e9 meia-noite, as exposi\u00e7\u00f5es em cartaz, entre elas, \u201cInven\u00e7\u00e3o de Origem\u201d, do artista alem\u00e3o Lothar Baumgarten, que tratam de tempos e a\u00e7\u00f5es que contribu\u00edram para as narrativas sobre a origem da vida, \u201cCole\u00e7\u00f5es em Di\u00e1logo: Museu Hist\u00f3rico Nacional e Pinacoteca de S\u00e3o Paulo\u201d, com uma sele\u00e7\u00e3o de pinturas, esculturas e desenhos dos dois museus e \u201cRosana Paulino: a Costura da Mem\u00f3ria\u201d, maior mostra individual da artista reconhecida pelo enfrentamento de quest\u00f5es sociais que despontam a posi\u00e7\u00e3o da mulher negra na sociedade contempor\u00e2nea.<\/p>\n\n\n\n<p>No Jardim Europa, o&nbsp;<strong>Museu da Imagem e do Som \u2013 MIS<\/strong>, ter\u00e1 um evento pr\u00e9-carnaval no dia 25, das 11h \u00e0 meia-noite. Ao longo do dia, tr\u00eas blocos de carnaval \u2013 um deles voltado para crian\u00e7as \u2013 v\u00e3o comandar a festa com muita m\u00fasica. O evento ter\u00e1 tamb\u00e9m Dj\u2019s, mostra de filmes e oficinas de maquiagem, adere\u00e7os de cabe\u00e7a e m\u00e1scaras.&nbsp;Al\u00e9m disso, a megaexposi\u00e7\u00e3o \u201cQuadrinhos\u201d, que revela a hist\u00f3ria das HQs no Brasil e no mundo, ter\u00e1 entrada gratuita, assim como todas as outras exposi\u00e7\u00f5es do museu.<\/p>\n\n\n\n<p>No Br\u00e1s, o&nbsp;Museu Catavento&nbsp;ter\u00e1 atra\u00e7\u00f5es para crian\u00e7as e adultos. Al\u00e9m das exposi\u00e7\u00f5es, atra\u00e7\u00f5es e o borbolet\u00e1rio, o \u201cEspet\u00e1culo de M\u00e1gicas\u201d vai apresentar ilusionismo e abordar os temas qu\u00edmica, f\u00edsica e ilus\u00e3o de \u00f3tica em apresenta\u00e7\u00f5es \u00e0s 11h30 e \u00e0s 15h30. At\u00e9 meia-noite, o p\u00fablico tamb\u00e9m poder\u00e1 conhecer a arte do aquarismo na exposi\u00e7\u00e3o \u201cAquapaisagismo\u201d, que recria o habitat natural dos peixes, al\u00e9m de visitar as \u00e1reas \u201cEngenho\u201d, \u201cVida\u201d, \u201cEst\u00fadio de TV\u201d, \u201cTerra\u201d e \u201cAstronomia\u201d.<\/p>\n\n\n\n<p>A \u201cOficina de Bonecas Abayomi\u201d vai ensinar os participantes a confeccionar a boneca considerada amuleto pela cultura africana e a \u201cOficina Constru\u00e7\u00e3o de Terr\u00e1rio\u201d vai demonstrar como se constr\u00f3i um ecossistema em escala reduzida, dentro de um ambiente lacrado. Na data, acontece tamb\u00e9m, \u00e0s 10h30 e \u00e0s 15h30, a \u201cOficina de Youtubers\u201d, em que ser\u00e1 ensinado como fazer v\u00eddeos usando iPads.<\/p>\n\n\n\n<p>No espa\u00e7o \u201cBic Educa\u201d, os participantes poder\u00e3o participar de oficinas de&nbsp;lettering, workshop de&nbsp;slime&nbsp;e aulas de desenho, ilustra\u00e7\u00e3o e esculturas com canetas. Para quem gosta de tecnologia, em v\u00e1rios hor\u00e1rios entre 11h e 16h, a experi\u00eancia \u201cVenturion \u2013 Realidade Virtual 4D\u201d vai proporcionar uma aventura imersiva que combina realidade virtual e efeitos especiais e t\u00e1teis, em um templo antigo repleto de mist\u00e9rios, e o \u201cEspa\u00e7o Drone\u201d vai demonstrar conceitos de f\u00edsica e engenharia por meio da opera\u00e7\u00e3o de um drone.<\/p>\n\n\n\n<p>Dentro da esta\u00e7\u00e3o Rep\u00fablica do Metr\u00f4, no&nbsp;<strong>Museu da Diversidade Sexual<\/strong>, estar\u00e1 em cartaz a nova exposi\u00e7\u00e3o \u201cPlural 24h\u201d, com fotografias e desenhos de 12 artistas que mostram situa\u00e7\u00f5es rotineiras vividas por pessoas da comunidade LGBTI+, como a vida de trabalho, a constru\u00e7\u00e3o e a rela\u00e7\u00e3o com o corpo, o preconceito e o empoderamento.<\/p>\n\n\n\n<p>No metr\u00f4 Tiradentes, a Sala MAS, do&nbsp;<strong>Museu de Arte Sacra<\/strong>, vai inaugurar a mostra \u201cAdagio\u201d, do artista visual paulistano Allann Seabra, sob curadoria de Bianca Boeckel, com esculturas e um&nbsp;<em>site specific<\/em>&nbsp;em a\u00e7o corten que abordam quest\u00f5es da mem\u00f3ria, da inf\u00e2ncia e do tempo. Al\u00e9m das obras no metr\u00f4, o jardim do Museu, localizado na Luz, tamb\u00e9m ter\u00e1 esculturas de a\u00e7o corten em exposi\u00e7\u00e3o.<\/p>\n\n\n\n<p>No MAS, ser\u00e1 inaugurada tamb\u00e9m, no dia 25, a exposi\u00e7\u00e3o \u201cO Sagrado na Arte Moderna Brasileira\u201d, que re\u00fane obras de artistas modernos \u2013 como Anita Malfatti, Tarsila do Amaral, Victor Brecheret e Candido Portinari -, populares \u2013 entre eles Jos\u00e9 Antonio da Silva, Agostinho Batista de Freitas e Antonio Poteiro \u2013 e contempor\u00e2neos \u2013 como Alex Flemming, Nelson Leirner e Oskar Metsavaht \u2013 que fazem alus\u00e3o \u00e0 f\u00e9 e \u00e0 religi\u00e3o, de modo claro e expl\u00edcito ou por meio de met\u00e1foras.<\/p>\n\n\n\n<p>O&nbsp;<strong>Museu da Casa Brasileira<\/strong>, na Avenida Brigadeiro Faria Lima, vai comemorar o anivers\u00e1rio da cidade, \u00e0s 11h, com show do sambista Chocolatte e a Velha Guarda da Vila Maria, que v\u00e3o levar ao palco o melhor do samba raiz e can\u00e7\u00f5es de \u201cHeran\u00e7a Popular\u201d, o mais recente trabalho de Chocolatte. A&nbsp;partir das 20h, o Museu recebe a Fizz Jazz, com seu swing e tradicional jazz. Temas cl\u00e1ssicos ser\u00e3o tocados de maneira pr\u00f3pria e cheia de energia, al\u00e9m de m\u00fasicas autorais dentro do estilo.&nbsp;<\/p>\n\n\n\n<p>Os amantes da hist\u00f3ria da metr\u00f3pole poder\u00e3o ainda participar de visitas orientadas ao acervo com o Educativo MCB, acerca do tema \u2018A casa paulista nas cole\u00e7\u00f5es do Museu\u2019, em dois hor\u00e1rios: \u00e0s 18h30 e \u00e0s 21h30.&nbsp;O Restaurante Santinho do MCB tamb\u00e9m participa da homenagem \u00e0 cidade de S\u00e3o Paulo: al\u00e9m do menu habitual do almo\u00e7o, oferecer\u00e1, das 19h \u00e0s 23h, um card\u00e1pio especial, inspirado na gastronomia paulista, al\u00e9m dos servi\u00e7os de bar, com caipirinhas, bebidas alco\u00f3licas e n\u00e3o alco\u00f3licas.&nbsp;<\/p>\n\n\n\n<p>Quem quer conhecer mais sobre a hist\u00f3ria de S\u00e3o Paulo poder\u00e1 aproveitar tamb\u00e9m a exposi\u00e7\u00e3o \u201cA Casa e a Cidade \u2013 Cole\u00e7\u00e3o Crespi Prado\u201d, que apresenta as transforma\u00e7\u00f5es urbanas que aconteceram na primeira metade do s\u00e9culo 20. Vale conhecer tamb\u00e9m as exposi\u00e7\u00f5es em cartaz \u201c32\u00ba Pr\u00eamio Design MCB\u201d, \u201cConcurso do Cartaz\u201d e \u201cRemanescentes da Mata Atl\u00e2ntica &amp; Acervo MCB\u201d.<\/p>\n\n\n\n<p>Na Avenida Paulista, \u00e0s 10h, a&nbsp;<strong>Casa das Rosas<\/strong>&nbsp;vai convidar os visitantes para um caf\u00e9 da manh\u00e3 e conversa sobre a rela\u00e7\u00e3o de Haroldo de Campos e o romance \u201cMacuna\u00edma\u201d, de M\u00e1rio de Andrade. At\u00e9 meia-noite, os visitantes poder\u00e3o aproveitar as exposi\u00e7\u00f5es em cartaz no espa\u00e7o, como \u201cCasa das Rosas: Arquiteturas da Mem\u00f3ria\u201d, que conta a hist\u00f3ria do im\u00f3vel, sua preserva\u00e7\u00e3o, utiliza\u00e7\u00e3o e contexto na cidade de S\u00e3o Paulo.<\/p>\n\n\n\n<p>No Pacaembu, o&nbsp;<strong>Museu do Futebol<\/strong>&nbsp;promove, das 10h \u00e0s 17h, o \u201cF\u00e9rias no Museu\u201d, espa\u00e7o na \u00e1rea externa do museu com brincadeiras, jogos, oficinas e atividades, al\u00e9m de recreadores realizando uma s\u00e9rie de din\u00e2micas. Das 14h \u00e0s 15h30, a atividade \u201cCaixa Preta\u201d vai desafiar os participantes a descobrirem quais objetos do universo do futebol est\u00e3o dentro de uma caixa preta utilizando apenas o tato.<\/p>\n\n\n\n<p>O p\u00fablico tamb\u00e9m poder\u00e1 visitar, at\u00e9 meia-noite*, as exposi\u00e7\u00f5es do museu, entre elas \u201cCl\u00e1ssico \u00e9 Cl\u00e1ssico e vice-versa\u201d, que traz dados, objetos e curiosidades de grandes rivalidades espalhadas por todo o Brasil. *O museu fechar\u00e1 durante o hor\u00e1rio do jogo da final da Copa S\u00e3o Paulo de Futebol Junior. Ap\u00f3s o jogo, o museu ser\u00e1 reaberto.<\/p>\n\n\n\n<p>\u201cAgrade\u00e7o \u00e0s Organiza\u00e7\u00f5es Sociais respons\u00e1veis pelos museus da Secretaria que de pronto apoiaram a iniciativa e prepararam uma programa\u00e7\u00e3o muito rica e variada para celebrar a data. E \u00e0 Secretaria de Transportes que tamb\u00e9m aceitou fazer parte da a\u00e7\u00e3o e permitir o acesso dos moradores de todas as regi\u00f5es da cidade aos museus. Estas parcerias s\u00e3o fundamentais para conseguirmos dar o melhor para S\u00e3o Paulo\u201d, completa o secret\u00e1rio.<\/p>\n\n\n\n<h2 class=\"wp-block-heading\">servi\u00e7o<\/h2>\n\n\n\n<p><strong>Museu da Imigra\u00e7\u00e3o<br><\/strong>Endere\u00e7o: Rua Visconde de Parna\u00edba, 1.316, Mooca<br>Tel.: (11) 2692-1866<br>Funcionamento: de ter\u00e7a a s\u00e1bado das 9h00 \u00e0s 17h00; aos domingos, das 10h00 \u00e0s 17h00.<br>Acessibilidade no local \u2013 Biciclet\u00e1rio na cal\u00e7ada da institui\u00e7\u00e3o<br><\/p>\n\n\n\n<p><strong>Pinacoteca de S\u00e3o Paulo<br><\/strong>Pra\u00e7a da Luz, 02<br>Tel.: (11) 3324-1000<br>Funcionamento: quarta segunda, das 10h00 \u00e0s 17h30, com perman\u00eancia at\u00e9 18h00<br><\/p>\n\n\n\n<p><strong>Museu da Imagem e do Som \u2013 MIS-SP<br><\/strong>Endere\u00e7o: Av. Europa, 158 \u2013 Jardim Europa \u2013 S\u00e3o Paulo-SP<br>Tel.: (11) 2117-4777<br>Funcionamento: ter\u00e7a a s\u00e1bado, (fecha \u00e0s segundas) 10h00 \u00e0s 21h00 | domingos e feriados, 9h00 \u00e0s 19h00<br>Estacionamento pago no local<br>Acessibilidade no local<br><\/p>\n\n\n\n<p><strong>Museu Catavento<br><\/strong>Pal\u00e1cio das Ind\u00fastrias \u2013 Pra\u00e7a C\u00edvica Ulisses Guimar\u00e3es, s\/n<sup>o<\/sup>&nbsp;(Av. Merc\u00fario), Parque Dom Pedro II, Centro \u2013 S\u00e3o Paulo\/SP<br>Tel.: (11) 3315-0051<br>Funcionamento: ter\u00e7a a domingo, (fechado \u00e0s segundas), das 9h00 \u00e0s 17h00 (Bilheteria fecha \u00e0s 16h00)<br>Estacionamento pago no local<br>Acessibilidade no local<br><\/p>\n\n\n\n<p><strong>Museu da Diversidade Sexual<br><\/strong>Rua do Arouche, 24 \u2013 Esta\u00e7\u00e3o Rep\u00fablica do Metr\u00f4 \u2013 Piso Mezanino, loja 518<br>(11) 3339-8078<br>Funcionamento: ter\u00e7a a domingo, (fechado \u00e0s segundas) das 10h00 \u00e0s 18h00<br>Acessibilidade no local<br><\/p>\n\n\n\n<p><strong>Museu de Arte Sacra<br><\/strong>Endere\u00e7o: Avenida Tiradentes, 676 \u2013 Luz<br>Telefone: (11) 3326-3336<br>Funcionamento: ter\u00e7a a domingo, das 9h \u00e0s 17h<br><\/p>\n\n\n\n<p><strong>Museu da Casa Brasileira<br><\/strong>Av. Brigadeiro Faria Lima, 2705 \u2013 Jardim Paulistano \u2013 S\u00e3o Paulo-SP<br>CPTM Cidade Jardim (850m)<br>(11) 3032-3727<br>Funcionamento: ter\u00e7a a domingo, (fechado \u00e0s segundas) das 10h00 \u00e0s 18h00<br>Estacionamento pago no local<br>Acessibilidade no local<br><\/p>\n\n\n\n<p><strong>Casa das Rosas<br><\/strong>Av. Paulista, 37 \u2013 Bela Vista (pr\u00f3ximo ao metr\u00f4 Brigadeiro)<br>(11) 3285-6986\/ (11) 3288-9447<br>Funcionamento: ter\u00e7a a s\u00e1bado, das 10h \u00e0s 22h \/ domingos e feriados, das 10h \u00e0s 18h<br><\/p>\n\n\n\n<p><strong>Museu do Futebol<br><\/strong>Pra\u00e7a Charles Miller, S\/N \u2013 Pacaembu, S\u00e3o Paulo- SP<br>Tel.: (11) 3664-3848<br>Funcionamento: ter\u00e7a a domingo, das 9h00 \u00e0s 18h00 (Bilheteria at\u00e9 \u00e0s 17h00)<br>Estacionamento na Pra\u00e7a Charles Miller (Zona Azul)<br><\/p>\n\n\n\n<p>Do Portal do Governo\u00a0SP<\/p>\n","protected":false},"excerpt":{"rendered":"<p>Em comemora\u00e7\u00e3o ao anivers\u00e1rio de 465 anos da cidade de S\u00e3o Paulo, museus da&nbsp;Secretaria de Cultura e Economia Criativa do Estado&nbsp;v\u00e3o ampliar o hor\u00e1rio de funcionamento no feriado de 25 de janeiro e ter\u00e3o entrada gratuita na data. Os espa\u00e7os estar\u00e3o abertos para visita\u00e7\u00e3o at\u00e9 meia-noite e ter\u00e3o programa\u00e7\u00e3o especial em homenagem \u00e0 data, com [&hellip;]<\/p>\n","protected":false},"author":2,"featured_media":148256,"comment_status":"open","ping_status":"closed","sticky":false,"template":"","format":"standard","meta":{"tdm_status":"","tdm_grid_status":"","footnotes":""},"categories":[22],"tags":[],"class_list":{"0":"post-166575","1":"post","2":"type-post","3":"status-publish","4":"format-standard","5":"has-post-thumbnail","7":"category-brasil"},"_links":{"self":[{"href":"https:\/\/migracao.redenoticia.com.br\/noticia\/wp-json\/wp\/v2\/posts\/166575","targetHints":{"allow":["GET"]}}],"collection":[{"href":"https:\/\/migracao.redenoticia.com.br\/noticia\/wp-json\/wp\/v2\/posts"}],"about":[{"href":"https:\/\/migracao.redenoticia.com.br\/noticia\/wp-json\/wp\/v2\/types\/post"}],"author":[{"embeddable":true,"href":"https:\/\/migracao.redenoticia.com.br\/noticia\/wp-json\/wp\/v2\/users\/2"}],"replies":[{"embeddable":true,"href":"https:\/\/migracao.redenoticia.com.br\/noticia\/wp-json\/wp\/v2\/comments?post=166575"}],"version-history":[{"count":0,"href":"https:\/\/migracao.redenoticia.com.br\/noticia\/wp-json\/wp\/v2\/posts\/166575\/revisions"}],"wp:featuredmedia":[{"embeddable":true,"href":"https:\/\/migracao.redenoticia.com.br\/noticia\/wp-json\/wp\/v2\/media\/148256"}],"wp:attachment":[{"href":"https:\/\/migracao.redenoticia.com.br\/noticia\/wp-json\/wp\/v2\/media?parent=166575"}],"wp:term":[{"taxonomy":"category","embeddable":true,"href":"https:\/\/migracao.redenoticia.com.br\/noticia\/wp-json\/wp\/v2\/categories?post=166575"},{"taxonomy":"post_tag","embeddable":true,"href":"https:\/\/migracao.redenoticia.com.br\/noticia\/wp-json\/wp\/v2\/tags?post=166575"}],"curies":[{"name":"wp","href":"https:\/\/api.w.org\/{rel}","templated":true}]}}