{"id":166625,"date":"2019-01-23T16:49:10","date_gmt":"2019-01-23T18:49:10","guid":{"rendered":"https:\/\/www.redenoticia.com.br\/noticia\/?p=166625"},"modified":"2019-01-24T00:26:37","modified_gmt":"2019-01-24T02:26:37","slug":"resumo-novela-o-tempo-nao-para-24-01-marocas-e-a-unica-hospedeira-do-virus","status":"publish","type":"post","link":"https:\/\/migracao.redenoticia.com.br\/noticia\/2019\/resumo-novela-o-tempo-nao-para-24-01-marocas-e-a-unica-hospedeira-do-virus\/166625","title":{"rendered":"Resumo novela \u201cO Tempo N\u00e3o Para\u201d 24\/01: Marocas \u00e9 a \u00fanica hospedeira do v\u00edrus"},"content":{"rendered":"\n<div class=\"wp-block-image\"><figure class=\"aligncenter\"><img loading=\"lazy\" decoding=\"async\" width=\"400\" height=\"225\" src=\"https:\/\/migracao.redenoticia.com.br\/noticia\/imagens\/o-tempo-nao-para-resumo-novela-33-400x225.jpg\" alt=\"\" class=\"wp-image-149486\" srcset=\"https:\/\/migracao.redenoticia.com.br\/noticia\/imagens\/o-tempo-nao-para-resumo-novela-33-400x225.jpg 400w, https:\/\/migracao.redenoticia.com.br\/noticia\/imagens\/o-tempo-nao-para-resumo-novela-33-250x141.jpg 250w, https:\/\/migracao.redenoticia.com.br\/noticia\/imagens\/o-tempo-nao-para-resumo-novela-33-150x84.jpg 150w, https:\/\/migracao.redenoticia.com.br\/noticia\/imagens\/o-tempo-nao-para-resumo-novela-33.jpg 640w\" sizes=\"auto, (max-width: 400px) 100vw, 400px\" \/><\/figure><\/div>\n\n\n\n<p><strong><em>Resumo novela \u201cO Tempo N\u00e3o Para\u201d 24\/01 <\/em><\/strong>: no cap\u00edtulo 153(*) da novela, resumo quinta-feira, 24 de janeiro, Petra se preocupa com a repercuss\u00e3o da manifesta\u00e7\u00e3o. Waleska \u00e9 sequestrada pelos homens de Flor\u00eancio. Mateus percebe que os congelados escaparam pelo telhado e os captura, mas Menelau consegue fugir. Vanda vai ao encontro de Menelau. Coronela se desespera ao notar que Waleska sumiu. Petra se certifica de que Marocas \u00e9 a \u00fanica hospedeira do v\u00edrus. Waleska identifica a voz de Igor, quando ele lhe fornece comida no cativeiro.<\/p>\n\n\n\n<p>Vanda esconde Menelau na padaria de Elmo. Amadeu surpreende Monalisa e Zelda, dizendo que salvar\u00e1 Te\u00f3filo. Disfar\u00e7ado, L\u00facio liga para Mateus exigindo o v\u00edrus que est\u00e1 isolado em troca de Waleska. Petra diz a Tales que pretende manter Marocas na Criotec e liberar os demais. Tales teme a inten\u00e7\u00e3o de Petra de tratar Marocas como cobaia.<\/p>\n\n\n\n<p><\/p>\n\n\n\n<p><\/p>\n\n\n\n<p><\/p>\n\n\n\n<p><\/p>\n\n\n\n<p>(*) edi\u00e7\u00e3o da Rede Globo, Novela \u201cO S\u00e9timo Guardi\u00e3o\u201d, sujeito a altera\u00e7\u00e3o de data e conte\u00fado.<\/p>\n\n\n\n<p>(*) edi\u00e7\u00e3o da Rede Globo, Novela \u201cO Tempo N\u00e3o Para\u201d, sujeito a altera\u00e7\u00e3o de data e conte\u00fado.<\/p>\n\n\n\n<p>Anos de avan\u00e7os e descobertas que moldaram costumes, h\u00e1bitos e linguagens da sociedade contempor\u00e2nea v\u00e3o gerar um choque em uma abastada fam\u00edlia do s\u00e9culo XIX que desperta no s\u00e9culo XXI. Por 132 anos, os Sabino Machado e seus agregados ficaram congelados, dentro de um bloco de gelo, enquanto a vida l\u00e1 fora passava. Agora, v\u00e3o despertar em uma S\u00e3o Paulo pulsante e turbulenta e se deparar com a sociedade em pleno 2018. &#8220;O Tempo N\u00e3o Para&#8221;, nova novela das 7, \u00e9 escrita por Mario Teixeira e tem dire\u00e7\u00e3o art\u00edstica de Leonardo Nogueira.<\/p>\n","protected":false},"excerpt":{"rendered":"<p>Resumo novela \u201cO Tempo N\u00e3o Para\u201d 24\/01 : no cap\u00edtulo 153(*) da novela, resumo quinta-feira, 24 de janeiro, Petra se preocupa com a repercuss\u00e3o da manifesta\u00e7\u00e3o. Waleska \u00e9 sequestrada pelos homens de Flor\u00eancio. Mateus percebe que os congelados escaparam pelo telhado e os captura, mas Menelau consegue fugir. Vanda vai ao encontro de Menelau. Coronela [&hellip;]<\/p>\n","protected":false},"author":4,"featured_media":148135,"comment_status":"open","ping_status":"closed","sticky":false,"template":"","format":"standard","meta":{"tdm_status":"","tdm_grid_status":"","footnotes":""},"categories":[379,490,375,343],"tags":[441],"class_list":{"0":"post-166625","1":"post","2":"type-post","3":"status-publish","4":"format-standard","5":"has-post-thumbnail","7":"category-novelas","8":"category-o-tempo-nao-para","9":"category-rede-globo","10":"category-televisao","11":"tag-resumo-do-dia"},"_links":{"self":[{"href":"https:\/\/migracao.redenoticia.com.br\/noticia\/wp-json\/wp\/v2\/posts\/166625","targetHints":{"allow":["GET"]}}],"collection":[{"href":"https:\/\/migracao.redenoticia.com.br\/noticia\/wp-json\/wp\/v2\/posts"}],"about":[{"href":"https:\/\/migracao.redenoticia.com.br\/noticia\/wp-json\/wp\/v2\/types\/post"}],"author":[{"embeddable":true,"href":"https:\/\/migracao.redenoticia.com.br\/noticia\/wp-json\/wp\/v2\/users\/4"}],"replies":[{"embeddable":true,"href":"https:\/\/migracao.redenoticia.com.br\/noticia\/wp-json\/wp\/v2\/comments?post=166625"}],"version-history":[{"count":0,"href":"https:\/\/migracao.redenoticia.com.br\/noticia\/wp-json\/wp\/v2\/posts\/166625\/revisions"}],"wp:featuredmedia":[{"embeddable":true,"href":"https:\/\/migracao.redenoticia.com.br\/noticia\/wp-json\/wp\/v2\/media\/148135"}],"wp:attachment":[{"href":"https:\/\/migracao.redenoticia.com.br\/noticia\/wp-json\/wp\/v2\/media?parent=166625"}],"wp:term":[{"taxonomy":"category","embeddable":true,"href":"https:\/\/migracao.redenoticia.com.br\/noticia\/wp-json\/wp\/v2\/categories?post=166625"},{"taxonomy":"post_tag","embeddable":true,"href":"https:\/\/migracao.redenoticia.com.br\/noticia\/wp-json\/wp\/v2\/tags?post=166625"}],"curies":[{"name":"wp","href":"https:\/\/api.w.org\/{rel}","templated":true}]}}