{"id":166733,"date":"2019-01-23T23:59:47","date_gmt":"2019-01-24T01:59:47","guid":{"rendered":"https:\/\/www.redenoticia.com.br\/noticia\/?p=166733"},"modified":"2019-01-24T00:29:33","modified_gmt":"2019-01-24T02:29:33","slug":"novela-o-tempo-nao-para-waleska-luta-com-bandidos-e-foge-do-cativeiro","status":"publish","type":"post","link":"https:\/\/migracao.redenoticia.com.br\/noticia\/2019\/novela-o-tempo-nao-para-waleska-luta-com-bandidos-e-foge-do-cativeiro\/166733","title":{"rendered":"Novela \u201cO Tempo N\u00e3o Para\u201d: Waleska luta com bandidos e foge do cativeiro"},"content":{"rendered":"\n<div class=\"wp-block-image\"><figure class=\"aligncenter\"><img loading=\"lazy\" decoding=\"async\" width=\"400\" height=\"225\" src=\"https:\/\/migracao.redenoticia.com.br\/noticia\/imagens\/o-tempo-nao-para-resumo-novela-33-400x225.jpg\" alt=\"\" class=\"wp-image-149486\" srcset=\"https:\/\/migracao.redenoticia.com.br\/noticia\/imagens\/o-tempo-nao-para-resumo-novela-33-400x225.jpg 400w, https:\/\/migracao.redenoticia.com.br\/noticia\/imagens\/o-tempo-nao-para-resumo-novela-33-250x141.jpg 250w, https:\/\/migracao.redenoticia.com.br\/noticia\/imagens\/o-tempo-nao-para-resumo-novela-33-150x84.jpg 150w, https:\/\/migracao.redenoticia.com.br\/noticia\/imagens\/o-tempo-nao-para-resumo-novela-33.jpg 640w\" sizes=\"auto, (max-width: 400px) 100vw, 400px\" \/><\/figure><\/div>\n\n\n\n<p><strong><em>Novela \u201cO Tempo N\u00e3o Para\u201d:<\/em><\/strong> L\u00facio (Jo\u00e3o Baldasserini) quer ter acesso ao v\u00edrus para provocar uma morte r\u00e1pida em Marocas (Juliana Paiva). Ele decide sequestrar Waleska (Carol Castro) e chantagear Mateus (Raphael Vianna), j\u00e1 que o militar tem acesso \u00e0s pesquisas do laborat\u00f3rio. O vil\u00e3o contrata Flor\u00eancio (Ricardo Duque) e o bandido leva Waleska para o cativeiro.<\/p>\n\n\n\n<p>Igor (L\u00e9o Bahia) cozinha para gr\u00e1vida, mas Waleska recusa a comida. Coronela (Solange Couto) e Mateus ficam desesperados e L\u00facio informa o que quer em troca da liberdade de Waleska.<\/p>\n\n\n\n<p>Waleska (Carol Castro) finge que est\u00e1 com contra\u00e7\u00e3o e diz que vai perder o beb\u00ea. Igor (L\u00e9o Bahia) entra no quarto desesperado e ela lhe d\u00e1 um golpe. Waleska tamb\u00e9m vence a luta contra Flor\u00eancio (Ricardo Duque) e o outro capanga.<\/p>\n\n\n\n<p>Ela chega na pens\u00e3o de Coronela (Solange Couto). A m\u00e3e e Mateus (Raphael Vianna) ficam surpresos e felizes, mas o oficial da Marinha se d\u00e1 mal quando Waleska descobre que ele roubou uma amostra do v\u00edrus em troca da liberdade dela. Cena prevista para 25 de janeiro na Novela \u201cO Tempo N\u00e3o Para\u201d.<\/p>\n\n\n\n<p>Sinopse \u201cO Tempo N\u00e3o Para\u201d: Anos de avan\u00e7os e descobertas que moldaram costumes, h\u00e1bitos e linguagens da sociedade contempor\u00e2nea v\u00e3o gerar um choque em uma abastada fam\u00edlia do s\u00e9culo XIX que desperta no s\u00e9culo XXI. Por 132 anos, os Sabino Machado e seus agregados ficaram congelados, dentro de um bloco de gelo, enquanto a vida l\u00e1 fora passava. Agora, v\u00e3o despertar em uma S\u00e3o Paulo pulsante e turbulenta e se deparar com a sociedade em pleno 2018. &#8220;O Tempo N\u00e3o Para&#8221;, nova novela das 7, \u00e9 escrita por Mario Teixeira e tem dire\u00e7\u00e3o art\u00edstica de Leonardo Nogueira.<\/p>\n","protected":false},"excerpt":{"rendered":"<p>Novela \u201cO Tempo N\u00e3o Para\u201d: L\u00facio (Jo\u00e3o Baldasserini) quer ter acesso ao v\u00edrus para provocar uma morte r\u00e1pida em Marocas (Juliana Paiva). Ele decide sequestrar Waleska (Carol Castro) e chantagear Mateus (Raphael Vianna), j\u00e1 que o militar tem acesso \u00e0s pesquisas do laborat\u00f3rio. O vil\u00e3o contrata Flor\u00eancio (Ricardo Duque) e o bandido leva Waleska para [&hellip;]<\/p>\n","protected":false},"author":2,"featured_media":148135,"comment_status":"open","ping_status":"closed","sticky":false,"template":"","format":"standard","meta":{"tdm_status":"","tdm_grid_status":"","footnotes":""},"categories":[388,379,490,375,343],"tags":[440],"class_list":{"0":"post-166733","1":"post","2":"type-post","3":"status-publish","4":"format-standard","5":"has-post-thumbnail","7":"category-destaques","8":"category-novelas","9":"category-o-tempo-nao-para","10":"category-rede-globo","11":"category-televisao","12":"tag-noticia-novela"},"_links":{"self":[{"href":"https:\/\/migracao.redenoticia.com.br\/noticia\/wp-json\/wp\/v2\/posts\/166733","targetHints":{"allow":["GET"]}}],"collection":[{"href":"https:\/\/migracao.redenoticia.com.br\/noticia\/wp-json\/wp\/v2\/posts"}],"about":[{"href":"https:\/\/migracao.redenoticia.com.br\/noticia\/wp-json\/wp\/v2\/types\/post"}],"author":[{"embeddable":true,"href":"https:\/\/migracao.redenoticia.com.br\/noticia\/wp-json\/wp\/v2\/users\/2"}],"replies":[{"embeddable":true,"href":"https:\/\/migracao.redenoticia.com.br\/noticia\/wp-json\/wp\/v2\/comments?post=166733"}],"version-history":[{"count":0,"href":"https:\/\/migracao.redenoticia.com.br\/noticia\/wp-json\/wp\/v2\/posts\/166733\/revisions"}],"wp:featuredmedia":[{"embeddable":true,"href":"https:\/\/migracao.redenoticia.com.br\/noticia\/wp-json\/wp\/v2\/media\/148135"}],"wp:attachment":[{"href":"https:\/\/migracao.redenoticia.com.br\/noticia\/wp-json\/wp\/v2\/media?parent=166733"}],"wp:term":[{"taxonomy":"category","embeddable":true,"href":"https:\/\/migracao.redenoticia.com.br\/noticia\/wp-json\/wp\/v2\/categories?post=166733"},{"taxonomy":"post_tag","embeddable":true,"href":"https:\/\/migracao.redenoticia.com.br\/noticia\/wp-json\/wp\/v2\/tags?post=166733"}],"curies":[{"name":"wp","href":"https:\/\/api.w.org\/{rel}","templated":true}]}}