{"id":167138,"date":"2019-01-26T22:44:37","date_gmt":"2019-01-27T00:44:37","guid":{"rendered":"https:\/\/www.redenoticia.com.br\/noticia\/?p=167138"},"modified":"2019-01-29T20:59:04","modified_gmt":"2019-01-29T22:59:04","slug":"novela-jesus-resumo-28-01-adela-morre","status":"publish","type":"post","link":"https:\/\/migracao.redenoticia.com.br\/noticia\/2019\/novela-jesus-resumo-28-01-adela-morre\/167138","title":{"rendered":"Novela \u201cJesus\u201d resumo 28\/01: Judite pensa em fugir"},"content":{"rendered":"<p><em><strong><img loading=\"lazy\" decoding=\"async\" class=\"aligncenter size-large wp-image-149879\" src=\"https:\/\/migracao.redenoticia.com.br\/noticia\/imagens\/jesus-novela-record-400x174.jpg\" alt=\"\" width=\"400\" height=\"174\" srcset=\"https:\/\/migracao.redenoticia.com.br\/noticia\/imagens\/jesus-novela-record-400x174.jpg 400w, https:\/\/migracao.redenoticia.com.br\/noticia\/imagens\/jesus-novela-record-250x109.jpg 250w, https:\/\/migracao.redenoticia.com.br\/noticia\/imagens\/jesus-novela-record-768x335.jpg 768w, https:\/\/migracao.redenoticia.com.br\/noticia\/imagens\/jesus-novela-record-696x303.jpg 696w, https:\/\/migracao.redenoticia.com.br\/noticia\/imagens\/jesus-novela-record-150x65.jpg 150w, https:\/\/migracao.redenoticia.com.br\/noticia\/imagens\/jesus-novela-record.jpg 780w\" sizes=\"auto, (max-width: 400px) 100vw, 400px\" \/>Novela \u201cJesus\u201d resumo 28\/01<\/strong><\/em>: no capitulo 133 (*) da novela, segunda-feira, 28 de janeiro, Caif\u00e1s ordena a pris\u00e3o de Jesus, mas \u00e9 interrompido por Nicodemos. Desesperada, Judite pensa em fugir com Gestas. Barsab\u00e1s e Matias procuram por Jesus. Caif\u00e1s bufa de \u00f3dio do Messias. Edissa sente orgulho de Deborah. Nicodemos aconselha Tiago Justo. Livona procura por Gestas. Sara conversa com Sula. Mirian mostra respeito \u00e0 Laila. Diana diz que Dimas precisa de um tempo para ganhar a confian\u00e7a das pessoas. Pilatos fala de seu plano de construir aquedutos subterr\u00e2neos. Jos\u00e9 de Arimat\u00e9ia elogia o car\u00e1ter de Tiago Justo.<\/p>\n<p>(*) edi\u00e7\u00e3o da Rede Record, Novela \u201cJesus\u201d, sujeito a altera\u00e7\u00e3o de data e conte\u00fado.<\/p>\n<p>\u201cJesus\u201d &#8211; Ap\u00f3s receber a anuncia\u00e7\u00e3o de que o filho de Deus estava a caminho, Maria (Cl\u00e1udia Mauro) d\u00e1 a luz ao escolhido e, junto com o marido Jos\u00e9 (Michel Bercovitch), cria com valores e bons princ\u00edpios o jovem escolhido Jesus (Dudu Azevedo). A profecia do escolhido incomoda o rei Herodes (Paulo Gorgulho), que passa a perseguir a fam\u00edlia, for\u00e7ando Maria e Jos\u00e9 a criarem Jesus como um jovem comum longe de sua miss\u00e3o.<\/p>\n","protected":false},"excerpt":{"rendered":"<p>Novela \u201cJesus\u201d resumo 28\/01: no capitulo 133 (*) da novela, segunda-feira, 28 de janeiro, Caif\u00e1s ordena a pris\u00e3o de Jesus, mas \u00e9 interrompido por Nicodemos. Desesperada, Judite pensa em fugir com Gestas. Barsab\u00e1s e Matias procuram por Jesus. Caif\u00e1s bufa de \u00f3dio do Messias. Edissa sente orgulho de Deborah. Nicodemos aconselha Tiago Justo. Livona procura [&hellip;]<\/p>\n","protected":false},"author":2,"featured_media":149878,"comment_status":"open","ping_status":"closed","sticky":false,"template":"","format":"standard","meta":{"tdm_status":"","tdm_grid_status":"","footnotes":""},"categories":[488,379,371,343],"tags":[441],"class_list":{"0":"post-167138","1":"post","2":"type-post","3":"status-publish","4":"format-standard","5":"has-post-thumbnail","7":"category-jesus","8":"category-novelas","9":"category-rede-record","10":"category-televisao","11":"tag-resumo-do-dia"},"_links":{"self":[{"href":"https:\/\/migracao.redenoticia.com.br\/noticia\/wp-json\/wp\/v2\/posts\/167138","targetHints":{"allow":["GET"]}}],"collection":[{"href":"https:\/\/migracao.redenoticia.com.br\/noticia\/wp-json\/wp\/v2\/posts"}],"about":[{"href":"https:\/\/migracao.redenoticia.com.br\/noticia\/wp-json\/wp\/v2\/types\/post"}],"author":[{"embeddable":true,"href":"https:\/\/migracao.redenoticia.com.br\/noticia\/wp-json\/wp\/v2\/users\/2"}],"replies":[{"embeddable":true,"href":"https:\/\/migracao.redenoticia.com.br\/noticia\/wp-json\/wp\/v2\/comments?post=167138"}],"version-history":[{"count":0,"href":"https:\/\/migracao.redenoticia.com.br\/noticia\/wp-json\/wp\/v2\/posts\/167138\/revisions"}],"wp:featuredmedia":[{"embeddable":true,"href":"https:\/\/migracao.redenoticia.com.br\/noticia\/wp-json\/wp\/v2\/media\/149878"}],"wp:attachment":[{"href":"https:\/\/migracao.redenoticia.com.br\/noticia\/wp-json\/wp\/v2\/media?parent=167138"}],"wp:term":[{"taxonomy":"category","embeddable":true,"href":"https:\/\/migracao.redenoticia.com.br\/noticia\/wp-json\/wp\/v2\/categories?post=167138"},{"taxonomy":"post_tag","embeddable":true,"href":"https:\/\/migracao.redenoticia.com.br\/noticia\/wp-json\/wp\/v2\/tags?post=167138"}],"curies":[{"name":"wp","href":"https:\/\/api.w.org\/{rel}","templated":true}]}}