{"id":167139,"date":"2019-01-26T22:55:19","date_gmt":"2019-01-27T00:55:19","guid":{"rendered":"https:\/\/www.redenoticia.com.br\/noticia\/?p=167139"},"modified":"2019-01-26T22:55:21","modified_gmt":"2019-01-27T00:55:21","slug":"resumo-novela-cumplices-de-um-resgate-28-01-pedro-deixa-helena-no-parque","status":"publish","type":"post","link":"https:\/\/migracao.redenoticia.com.br\/noticia\/2019\/resumo-novela-cumplices-de-um-resgate-28-01-pedro-deixa-helena-no-parque\/167139","title":{"rendered":"Resumo novela \u201cC\u00famplices de um Resgate\u201d 28\/01: Pedro deixa Helena no parque"},"content":{"rendered":"<p><img loading=\"lazy\" decoding=\"async\" class=\"aligncenter size-large wp-image-164526\" src=\"https:\/\/migracao.redenoticia.com.br\/noticia\/imagens\/cumplices-de-um-resgate-001-316x300.jpg\" alt=\"\" width=\"316\" height=\"300\" srcset=\"https:\/\/migracao.redenoticia.com.br\/noticia\/imagens\/cumplices-de-um-resgate-001-316x300.jpg 316w, https:\/\/migracao.redenoticia.com.br\/noticia\/imagens\/cumplices-de-um-resgate-001-197x187.jpg 197w, https:\/\/migracao.redenoticia.com.br\/noticia\/imagens\/cumplices-de-um-resgate-001-150x143.jpg 150w, https:\/\/migracao.redenoticia.com.br\/noticia\/imagens\/cumplices-de-um-resgate-001.jpg 526w\" sizes=\"auto, (max-width: 316px) 100vw, 316px\" \/> Resumo novela \u201cC\u00famplices de um Resgate\u201d 28\/01 : no cap\u00edtulo 016(*) da novela, segunda-feira, 28 de janeiro, a carta que Flora deixou aos sobrinhos diz que ela n\u00e3o est\u00e1 com condi\u00e7\u00f5es emocionais para cuidar deles, pede perd\u00e3o e que Joaquim, como irm\u00e3o mais velho, cuide dos demais. Pedro vai embora e deixa Helena sozinha no parque de divers\u00e3o. Manuela v\u00ea a tia e a leva para ficar junto com Ot\u00e1vio e Rebeca. Joaquim acalma os irm\u00e3os, Felipe e Julia. O garoto explica que precisam se organizar, manter o ocorrido em segredo e que assim tudo ficar\u00e1 bem. Rebeca e Manuela se despedem de Ot\u00e1vio e dizem ter adorado o passeio. Ot\u00e1vio vai embora feliz. No apartamento dos Vaz, os irm\u00e3os procuram algum lado positivo de ficarem sozinhos. Safira vai at\u00e9 a sala de Ot\u00e1vio e diz que est\u00e1 preocupada com a aus\u00eancia dele na empresa. Ot\u00e1vio diz que n\u00e3o deixa a vida pessoal interferir na profissional.<\/p>\n<p>Frederico tenta mais uma vez convidar Lurdinha para sair, mas a recepcionista desconversa. Regina diz que levar\u00e1 Isabela para a escola para ficarem mais pr\u00f3ximas. Isabela estranha e comenta com Marina. Arthur manda Geraldo avisar a fam\u00edlia de Priscila e de Isabela que as duas est\u00e3o na banda. Geraldo para Regina pegar mais leve com Isabela, pois foi amea\u00e7ada de div\u00f3rcio por Ot\u00e1vio. Os dois decidem fazer o que for poss\u00edvel para Priscila se destacar na banda. Ot\u00e1vio envia uma caixa de bombons para Rebeca. Clara diz para Rebeca que o empres\u00e1rio gosta dela. Safira pede para Lurdinha agendar um almo\u00e7o dela com Ot\u00e1vio num restaurante que eles gostem. Felipe, Joaquim e Julia v\u00e3o ao supermercado fazer compras. Isabela decide treinar o canto sozinha para n\u00e3o depender mais de Manuela. Isabela n\u00e3o encontra seu MP3 e grita que foi roubada. Isabela diz que ir\u00e1 revistar o quarto de Laura, Marina e Dami\u00e3o para averiguar se nenhum deles a roubou.<\/p>\n<p>A garota n\u00e3o encontra nada e fica pensando se n\u00e3o deixou o eletr\u00f4nico com Manuela. Geraldo se encontra novamente com Joel, chefe da pirataria de Cds. Joel avisa ainda que um dos envolvidos no esquema saiu e est\u00e1 muito nervoso. O homem aconselha Geraldo a contratar seguran\u00e7as. Mateus diz para D\u00f3ris que aprendeu a montar um cavalo. Geraldo comunica Priscila e Isabela que as duas s\u00e3o talentosas e permanecer\u00e3o na banda, mas as duas n\u00e3o gostam da not\u00edcia. Arthur explica para Isabela que ela ser\u00e1 uma das principais vocalistas da banda. Regina diz para Priscila que a garota n\u00e3o deve aceitar cantar com Isabela. A megera garante que achou Priscila bem melhor. Manuela ajuda a av\u00f3 Nina e a m\u00e3e Rebeca com a faxina da casa. Rebeca v\u00ea a roupa de Isabela e questiona a filha de quem \u00e9 aquela roupa. Geraldo explica que Priscila ficar\u00e1 com a voz e melodia da banda, j\u00e1 Isabela ser\u00e1 a voz principal.<\/p>\n<p>(*) edi\u00e7\u00e3o do SBT, Novela \u201cC\u00famplices de um Resgate\u201d, sujeito a altera\u00e7\u00e3o de data e conte\u00fado.<\/p>\n","protected":false},"excerpt":{"rendered":"<p>Resumo novela \u201cC\u00famplices de um Resgate\u201d 28\/01 : no cap\u00edtulo 016(*) da novela, segunda-feira, 28 de janeiro, a carta que Flora deixou aos sobrinhos diz que ela n\u00e3o est\u00e1 com condi\u00e7\u00f5es emocionais para cuidar deles, pede perd\u00e3o e que Joaquim, como irm\u00e3o mais velho, cuide dos demais. Pedro vai embora e deixa Helena sozinha no [&hellip;]<\/p>\n","protected":false},"author":2,"featured_media":164525,"comment_status":"open","ping_status":"closed","sticky":false,"template":"","format":"standard","meta":{"tdm_status":"","tdm_grid_status":"","footnotes":""},"categories":[379,372,343],"tags":[441],"class_list":{"0":"post-167139","1":"post","2":"type-post","3":"status-publish","4":"format-standard","5":"has-post-thumbnail","7":"category-novelas","8":"category-sbt","9":"category-televisao","10":"tag-resumo-do-dia"},"_links":{"self":[{"href":"https:\/\/migracao.redenoticia.com.br\/noticia\/wp-json\/wp\/v2\/posts\/167139","targetHints":{"allow":["GET"]}}],"collection":[{"href":"https:\/\/migracao.redenoticia.com.br\/noticia\/wp-json\/wp\/v2\/posts"}],"about":[{"href":"https:\/\/migracao.redenoticia.com.br\/noticia\/wp-json\/wp\/v2\/types\/post"}],"author":[{"embeddable":true,"href":"https:\/\/migracao.redenoticia.com.br\/noticia\/wp-json\/wp\/v2\/users\/2"}],"replies":[{"embeddable":true,"href":"https:\/\/migracao.redenoticia.com.br\/noticia\/wp-json\/wp\/v2\/comments?post=167139"}],"version-history":[{"count":0,"href":"https:\/\/migracao.redenoticia.com.br\/noticia\/wp-json\/wp\/v2\/posts\/167139\/revisions"}],"wp:featuredmedia":[{"embeddable":true,"href":"https:\/\/migracao.redenoticia.com.br\/noticia\/wp-json\/wp\/v2\/media\/164525"}],"wp:attachment":[{"href":"https:\/\/migracao.redenoticia.com.br\/noticia\/wp-json\/wp\/v2\/media?parent=167139"}],"wp:term":[{"taxonomy":"category","embeddable":true,"href":"https:\/\/migracao.redenoticia.com.br\/noticia\/wp-json\/wp\/v2\/categories?post=167139"},{"taxonomy":"post_tag","embeddable":true,"href":"https:\/\/migracao.redenoticia.com.br\/noticia\/wp-json\/wp\/v2\/tags?post=167139"}],"curies":[{"name":"wp","href":"https:\/\/api.w.org\/{rel}","templated":true}]}}