{"id":167140,"date":"2019-01-26T22:57:16","date_gmt":"2019-01-27T00:57:16","guid":{"rendered":"https:\/\/www.redenoticia.com.br\/noticia\/?p=167140"},"modified":"2019-01-26T22:57:18","modified_gmt":"2019-01-27T00:57:18","slug":"resumo-novela-as-aventuras-de-poliana-28-01-luisa-e-assaltada","status":"publish","type":"post","link":"https:\/\/migracao.redenoticia.com.br\/noticia\/2019\/resumo-novela-as-aventuras-de-poliana-28-01-luisa-e-assaltada\/167140","title":{"rendered":"Resumo novela \u201cAs Aventuras de Poliana\u201d 28\/01: Lu\u00edsa \u00e9 assaltada"},"content":{"rendered":"<p><strong><em><img loading=\"lazy\" decoding=\"async\" class=\"aligncenter size-large wp-image-148662\" src=\"https:\/\/migracao.redenoticia.com.br\/noticia\/imagens\/as-aventuras-de-poliana-novela-400x267.jpg\" alt=\"\" width=\"400\" height=\"267\" srcset=\"https:\/\/migracao.redenoticia.com.br\/noticia\/imagens\/as-aventuras-de-poliana-novela-400x267.jpg 400w, https:\/\/migracao.redenoticia.com.br\/noticia\/imagens\/as-aventuras-de-poliana-novela-250x167.jpg 250w, https:\/\/migracao.redenoticia.com.br\/noticia\/imagens\/as-aventuras-de-poliana-novela-150x100.jpg 150w, https:\/\/migracao.redenoticia.com.br\/noticia\/imagens\/as-aventuras-de-poliana-novela.jpg 600w\" sizes=\"auto, (max-width: 400px) 100vw, 400px\" \/>Resumo novela \u201cAs Aventuras de Poliana\u201d 28\/01 <\/em><\/strong>: no cap\u00edtulo 184(*) da novela, resumo de segunda-feira, 28 de janeiro, Lorena, M\u00e1rio, Gael e Ben\u00edcio decidem o que ir\u00e3o dar de presente para Sr. Pendleton. Jefferson vai a seu primeiro dia de aula na escola Ruth Goulart e Guilherme tenta ajud\u00e1-lo na adapta\u00e7\u00e3o. Filipa pega o pendrive de Kessya com o intuito de apagar o v\u00eddeo no qual D\u00e9bora a maltrata. Jefferson \u00e9 apresentado a todos os alunos. Marcelo come\u00e7a a exibir os v\u00eddeos dos trabalhos feitos por seus alunos. O trabalho de Yasmin e Luigi \u00e9 bastante aplaudido. Waldisney, encapuzado, entra na casa de Lu\u00edsa em busca de seu cofre.<\/p>\n<p>Mirela fica furiosa quando v\u00ea que o beijo com Luca foi cortado do v\u00eddeo e o menino diz que foi ele quem pediu que isso fosse feito. Quando o v\u00eddeo de Poliana e Kessya \u00e9 exibido, um plano maldoso de Filipa vem \u00e0 tona. Poliana e Kessya v\u00e3o parar na diretoria. Waldisney encontra o cofre e n\u00e3o encontra as joias l\u00e1 dentro. Marcelo e D\u00e9bora discutem na escola por conta do v\u00eddeo de Poliana e Kessya. Mirela confronta Luca sobre ele estar a ignorando mesmo ap\u00f3s eles terem se beijado. Lu\u00edsa sai para penhorar as joias e, Waldisney, junto com um capanga em uma moto, a segue.<\/p>\n<p>Poliana desabafa com Bento sobre o plano maldoso de Filipa, que alterou o v\u00eddeo de sua apresenta\u00e7\u00e3o e incluiu nele um \u201cmeme\u201d de D\u00e9bora. Al\u00e9m disso, os amigos cantam uma can\u00e7\u00e3o e Jo\u00e3o observa de longe, incomodado. O presente para Sr. Pendleton chega na 0110 e Claudia \u00e9 obrigada a deix\u00e1-lo com Roger. Arlete fica triste por Vin\u00edcius n\u00e3o ter entrado na Ruth Goulart e Gleyce a consola. Roger n\u00e3o resiste e abre o presente de Sr. Pendleton, ficando muito assustado. Lu\u00edsa \u00e9 assaltada. Jo\u00e3o grita com Bento, dizendo que ele roubou sua melhor amiga. Marcelo encontra Lu\u00edsa ca\u00edda na cal\u00e7ada e a leva para a casa dele. D\u00e9bora chega.<\/p>\n<p>(*) edi\u00e7\u00e3o do SBT, Novela \u201cAs Aventuras de Poliana\u201d, sujeito a altera\u00e7\u00e3o de data e conte\u00fado.<\/p>\n<p>Poliana \u00e9 uma menina extrovertida e de bom cora\u00e7\u00e3o que viajava o Brasil com seus pais, Lorenzo e Alice, no grupo circense Trupe Vagalume. Aos onze anos a garota v\u00ea seu mundo desabar quando seus pais falecem e ela tem que ir morar em S\u00e3o Paulo com sua tia Lu\u00edsa, uma mulher rica e severa, a qual ela n\u00e3o conhecia e que n\u00e3o queria cuidar dela, embora sinta que \u00e9 sua obriga\u00e7\u00e3o pela alma de sua irm\u00e3. Apesar do jeito da rigidez da tia, Poliana decide ter uma vis\u00e3o positiva e inabal\u00e1vel da vida, mesmo nos momentos de dificuldade, tentando levar um pouco de felicidade para a vida de cada um dos seus novos amigos e vizinhos, como o Sr. Pendleton, um homem rico e infeliz por nunca ter tido filhos. Ela vai estudar no col\u00e9gio de Ruth, uma diretora de bom cora\u00e7\u00e3o que a ajuda a se adaptar, mas tem que lidar com as vilanias de Mirela, garota mais velha que n\u00e3o aceita perder a popularidade para uma novata.<\/p>\n","protected":false},"excerpt":{"rendered":"<p>Resumo novela \u201cAs Aventuras de Poliana\u201d 28\/01 : no cap\u00edtulo 184(*) da novela, resumo de segunda-feira, 28 de janeiro, Lorena, M\u00e1rio, Gael e Ben\u00edcio decidem o que ir\u00e3o dar de presente para Sr. Pendleton. Jefferson vai a seu primeiro dia de aula na escola Ruth Goulart e Guilherme tenta ajud\u00e1-lo na adapta\u00e7\u00e3o. Filipa pega o [&hellip;]<\/p>\n","protected":false},"author":2,"featured_media":148663,"comment_status":"open","ping_status":"closed","sticky":false,"template":"","format":"standard","meta":{"tdm_status":"","tdm_grid_status":"","footnotes":""},"categories":[477,379,372,343],"tags":[441],"class_list":{"0":"post-167140","1":"post","2":"type-post","3":"status-publish","4":"format-standard","5":"has-post-thumbnail","7":"category-as-aventuras-de-poliana","8":"category-novelas","9":"category-sbt","10":"category-televisao","11":"tag-resumo-do-dia"},"_links":{"self":[{"href":"https:\/\/migracao.redenoticia.com.br\/noticia\/wp-json\/wp\/v2\/posts\/167140","targetHints":{"allow":["GET"]}}],"collection":[{"href":"https:\/\/migracao.redenoticia.com.br\/noticia\/wp-json\/wp\/v2\/posts"}],"about":[{"href":"https:\/\/migracao.redenoticia.com.br\/noticia\/wp-json\/wp\/v2\/types\/post"}],"author":[{"embeddable":true,"href":"https:\/\/migracao.redenoticia.com.br\/noticia\/wp-json\/wp\/v2\/users\/2"}],"replies":[{"embeddable":true,"href":"https:\/\/migracao.redenoticia.com.br\/noticia\/wp-json\/wp\/v2\/comments?post=167140"}],"version-history":[{"count":0,"href":"https:\/\/migracao.redenoticia.com.br\/noticia\/wp-json\/wp\/v2\/posts\/167140\/revisions"}],"wp:featuredmedia":[{"embeddable":true,"href":"https:\/\/migracao.redenoticia.com.br\/noticia\/wp-json\/wp\/v2\/media\/148663"}],"wp:attachment":[{"href":"https:\/\/migracao.redenoticia.com.br\/noticia\/wp-json\/wp\/v2\/media?parent=167140"}],"wp:term":[{"taxonomy":"category","embeddable":true,"href":"https:\/\/migracao.redenoticia.com.br\/noticia\/wp-json\/wp\/v2\/categories?post=167140"},{"taxonomy":"post_tag","embeddable":true,"href":"https:\/\/migracao.redenoticia.com.br\/noticia\/wp-json\/wp\/v2\/tags?post=167140"}],"curies":[{"name":"wp","href":"https:\/\/api.w.org\/{rel}","templated":true}]}}