{"id":167146,"date":"2019-01-26T22:48:45","date_gmt":"2019-01-27T00:48:45","guid":{"rendered":"https:\/\/www.redenoticia.com.br\/noticia\/?p=167146"},"modified":"2019-01-26T22:48:47","modified_gmt":"2019-01-27T00:48:47","slug":"resumo-novela-teresa-28-01-arthur-concorda-em-se-divorciar","status":"publish","type":"post","link":"https:\/\/migracao.redenoticia.com.br\/noticia\/2019\/resumo-novela-teresa-28-01-arthur-concorda-em-se-divorciar\/167146","title":{"rendered":"Resumo novela \u201cTeresa\u201d 28\/01: Arthur concorda em se divorciar"},"content":{"rendered":"<p><strong><em><img loading=\"lazy\" decoding=\"async\" class=\"aligncenter size-large wp-image-153986\" src=\"https:\/\/migracao.redenoticia.com.br\/noticia\/imagens\/teresa-sbt-360x300.jpg\" alt=\"\" width=\"360\" height=\"300\" srcset=\"https:\/\/migracao.redenoticia.com.br\/noticia\/imagens\/teresa-sbt-360x300.jpg 360w, https:\/\/migracao.redenoticia.com.br\/noticia\/imagens\/teresa-sbt-224x187.jpg 224w, https:\/\/migracao.redenoticia.com.br\/noticia\/imagens\/teresa-sbt-150x125.jpg 150w, https:\/\/migracao.redenoticia.com.br\/noticia\/imagens\/teresa-sbt.jpg 503w\" sizes=\"auto, (max-width: 360px) 100vw, 360px\" \/>Resumo novela \u201cTeresa\u201d 28\/01 <\/em><\/strong>: no cap\u00edtulo 081(*) da novela, segunda-feira, 28 janeiro, Mariano furioso diz a Aurora que d\u00f3i saber que Teresa o tenha trocado por um homem que n\u00e3o vale a pena. Heitor diz a Joana que a ama e que logo voltar\u00e1 para lhe mostrar seus pap\u00e9is de div\u00f3rcio. Ele pede que a mo\u00e7a o espere e diz que s\u00f3 n\u00e3o se divorciou antes por n\u00e3o saber onde estava a m\u00e3e de Aurora. Regina pensa que a culpada pelos problemas da rela\u00e7\u00e3o de Teresa e Arthur \u00e9 sua filha. Luisa a diz que quem cometeu um grave erro foi Arthur, que ela lamenta muito e espera que eles possam se acertar.<\/p>\n<p>Regina se desculpa com Teresa por ter uma vez mais pensado mal dela. Teresa responde que n\u00e3o \u00e9 a mulher desalmada que ela acredita e que em breve ir\u00e1 dizer tudo a ela, inclusive sobre a trai\u00e7\u00e3o de Arthur. Teresa finaliza dizendo que vai se divorciar de Arthur e voltar com Mariano. Chorando, Teresa afirma que caso Paloma estivesse viva, certamente Arthur ainda a estaria enganando. Jonhy e Paty contam a Porf\u00edrio que querem se casar.<\/p>\n<p>Porf\u00edrio diz que nem morto concordaria com essa rela\u00e7\u00e3o e que Jonhy s\u00f3 se interessa por dinheiro. Rubens diz a Mariano que sabe que precisam trabalhar juntos na funda\u00e7\u00e3o e que espera que n\u00e3o exista nenhum inconveniente quanto aos casos de A\u00edda e Esperan\u00e7a com eles. Mariano diz a Teresa que j\u00e1 sabe o motivo de sua separa\u00e7\u00e3o de Arthur. Arthur diz a Teresa que se n\u00e3o pode perdo\u00e1-lo, n\u00e3o tem motivo para que sigam casados, e assim sendo o melhor \u00e9 que se divorciem.<\/p>\n<p>(*) edi\u00e7\u00e3o do SBT, Novela \u201cTeresa\u201d, sujeito a altera\u00e7\u00e3o de data e conte\u00fado.<\/p>\n<p>&#8220;Teresa&#8221; \u00e9 uma jovem dominada pela ambi\u00e7\u00e3o, mas n\u00e3o est\u00e1 disposta a trabalhar para melhorar sua condi\u00e7\u00e3o social e opta pelo caminho do engano e da trai\u00e7\u00e3o. Seus pais fizeram um grande sacrif\u00edcio para lhe dar uma vida digna e sem car\u00eancias, mas para ela nada \u00e9 suficiente. Mariano est\u00e1 loucamente apaixonado por ela, a apoia incondicionalmente e est\u00e1 sempre a sua disposi\u00e7\u00e3o. Mas ela, apesar de gostar de Mariano, o v\u00ea apenas como algo de sua propriedade. Sempre que tem oportunidade, deixa o jovem para ir atr\u00e1s de homens com poder e fortuna. Ela s\u00f3 volta a ficar com ele quando sabe que h\u00e1 outras mulheres interessadas.<\/p>\n","protected":false},"excerpt":{"rendered":"<p>Resumo novela \u201cTeresa\u201d 28\/01 : no cap\u00edtulo 081(*) da novela, segunda-feira, 28 janeiro, Mariano furioso diz a Aurora que d\u00f3i saber que Teresa o tenha trocado por um homem que n\u00e3o vale a pena. Heitor diz a Joana que a ama e que logo voltar\u00e1 para lhe mostrar seus pap\u00e9is de div\u00f3rcio. Ele pede que [&hellip;]<\/p>\n","protected":false},"author":2,"featured_media":82052,"comment_status":"open","ping_status":"closed","sticky":false,"template":"","format":"standard","meta":{"tdm_status":"","tdm_grid_status":"","footnotes":""},"categories":[379,372,343],"tags":[441],"class_list":{"0":"post-167146","1":"post","2":"type-post","3":"status-publish","4":"format-standard","5":"has-post-thumbnail","7":"category-novelas","8":"category-sbt","9":"category-televisao","10":"tag-resumo-do-dia"},"_links":{"self":[{"href":"https:\/\/migracao.redenoticia.com.br\/noticia\/wp-json\/wp\/v2\/posts\/167146","targetHints":{"allow":["GET"]}}],"collection":[{"href":"https:\/\/migracao.redenoticia.com.br\/noticia\/wp-json\/wp\/v2\/posts"}],"about":[{"href":"https:\/\/migracao.redenoticia.com.br\/noticia\/wp-json\/wp\/v2\/types\/post"}],"author":[{"embeddable":true,"href":"https:\/\/migracao.redenoticia.com.br\/noticia\/wp-json\/wp\/v2\/users\/2"}],"replies":[{"embeddable":true,"href":"https:\/\/migracao.redenoticia.com.br\/noticia\/wp-json\/wp\/v2\/comments?post=167146"}],"version-history":[{"count":0,"href":"https:\/\/migracao.redenoticia.com.br\/noticia\/wp-json\/wp\/v2\/posts\/167146\/revisions"}],"wp:featuredmedia":[{"embeddable":true,"href":"https:\/\/migracao.redenoticia.com.br\/noticia\/wp-json\/wp\/v2\/media\/82052"}],"wp:attachment":[{"href":"https:\/\/migracao.redenoticia.com.br\/noticia\/wp-json\/wp\/v2\/media?parent=167146"}],"wp:term":[{"taxonomy":"category","embeddable":true,"href":"https:\/\/migracao.redenoticia.com.br\/noticia\/wp-json\/wp\/v2\/categories?post=167146"},{"taxonomy":"post_tag","embeddable":true,"href":"https:\/\/migracao.redenoticia.com.br\/noticia\/wp-json\/wp\/v2\/tags?post=167146"}],"curies":[{"name":"wp","href":"https:\/\/api.w.org\/{rel}","templated":true}]}}