{"id":16715,"date":"2009-11-09T18:33:42","date_gmt":"2009-11-09T22:33:42","guid":{"rendered":"http:\/\/www.redenoticia.com.br\/noticia\/?p=16715"},"modified":"2009-11-09T18:33:42","modified_gmt":"2009-11-09T22:33:42","slug":"tv-cultura-apresenta-adaptacao-de-lendario-conto-chines","status":"publish","type":"post","link":"https:\/\/migracao.redenoticia.com.br\/noticia\/2009\/tv-cultura-apresenta-adaptacao-de-lendario-conto-chines\/16715","title":{"rendered":"TV cultura apresenta adapta\u00e7\u00e3o de lend\u00e1rio conto chin\u00eas"},"content":{"rendered":"<p>Baseada em um lend\u00e1rio conto chin\u00eas, a pe\u00e7a in\u00e9dita <strong>A Semente da Verdade<\/strong> &#8211; que concorreu ao <strong>Japan Prize 2009<\/strong>, prestigiado concurso internacional que premia os melhores conte\u00fados educativos ao redor do mundo, realizado pela <strong>NHK <\/strong>&#8211; ganha a tela da <strong>TV Cultura<\/strong> neste s\u00e1bado (14\/11), \u00e0s 13h15, em exibi\u00e7\u00e3o no Teatro R\u00e1 Tim Bum.<\/p>\n<p>A Semente da Verdade traz a hist\u00f3ria de Thai, um jovem jardineiro que possui o dom de fazer flores brotarem apenas com o toque de suas m\u00e3os. Diferente das outras crian\u00e7as, o garoto consegue cultivar bel\u00edssimos jardins, sempre com f\u00e9 e perseveran\u00e7a.<\/p>\n<p>At\u00e9 que um dia, o imperador de seu reino, preocupado com o futuro de seu povo, decide lan\u00e7ar um desafio para encontrar seu sucessor, j\u00e1 que n\u00e3o possui filhos nem parentes pr\u00f3ximos. Ele distribui diversas sementes \u00e0s crian\u00e7as e explica que o novo imperador ser\u00e1 aquele que melhor souber cultiv\u00e1-la.<\/p>\n<p>Thai tentou, por diversas vezes, fazer sua semente germinar, mas seus esfor\u00e7os foram em v\u00e3o e sua planta n\u00e3o vingou. O dia da apresenta\u00e7\u00e3o chegou e o garoto viu que todas as outras crian\u00e7as traziam consigo lindas flores, vistosas e fortes, mas s\u00f3 a sua n\u00e3o havia vingado. Na vez de Thai, ele lembrou de um conselho de seu av\u00f4 e disse a verdade ao imperador, que por mais que tenha se esfor\u00e7ado, sua semente n\u00e3o brotou e optou por n\u00e3o mentir, contar seu esfor\u00e7o e pedir perd\u00e3o.<\/p>\n<p>O imperador diz, ent\u00e3o, para o menino n\u00e3o se envergonhar, j\u00e1 que fez a coisa certa: disse a verdade. Afinal, ele havia queimado todas as sementes e nenhuma poderia germinar. Assim, Thai foi o \u00fanico que, de fato, plantou a semente da verdade.<\/p>\n<p>A semente da verdade \u00e9 dirigida por Bete Rodrigues e tem o elenco formado por Amanda Andreoli, Andr\u00e9 Belido, Darlene Marques, Hermes de Paula e Naelba Aphonso.<\/p>\n<p>Teatro R\u00e1 Tim Bum, uma produ\u00e7\u00e3o da TV Cultura, apresenta adapta\u00e7\u00f5es televisivas, adequadas ao universo juvenil, de obras consagradas no teatro e na literatura.<\/p>\n","protected":false},"excerpt":{"rendered":"<p>Baseada em um lend\u00e1rio conto chin\u00eas, a pe\u00e7a in\u00e9dita A Semente da Verdade &#8211; que concorreu ao Japan Prize 2009, prestigiado concurso internacional que premia os melhores conte\u00fados educativos ao redor do mundo, realizado pela NHK &#8211; ganha a tela da TV Cultura neste s\u00e1bado (14\/11), \u00e0s 13h15, em exibi\u00e7\u00e3o no Teatro R\u00e1 Tim Bum. [&hellip;]<\/p>\n","protected":false},"author":3,"featured_media":0,"comment_status":"open","ping_status":"open","sticky":false,"template":"","format":"standard","meta":{"tdm_status":"","tdm_grid_status":"","footnotes":""},"categories":[343],"tags":[],"class_list":{"0":"post-16715","1":"post","2":"type-post","3":"status-publish","4":"format-standard","6":"category-televisao"},"_links":{"self":[{"href":"https:\/\/migracao.redenoticia.com.br\/noticia\/wp-json\/wp\/v2\/posts\/16715","targetHints":{"allow":["GET"]}}],"collection":[{"href":"https:\/\/migracao.redenoticia.com.br\/noticia\/wp-json\/wp\/v2\/posts"}],"about":[{"href":"https:\/\/migracao.redenoticia.com.br\/noticia\/wp-json\/wp\/v2\/types\/post"}],"author":[{"embeddable":true,"href":"https:\/\/migracao.redenoticia.com.br\/noticia\/wp-json\/wp\/v2\/users\/3"}],"replies":[{"embeddable":true,"href":"https:\/\/migracao.redenoticia.com.br\/noticia\/wp-json\/wp\/v2\/comments?post=16715"}],"version-history":[{"count":0,"href":"https:\/\/migracao.redenoticia.com.br\/noticia\/wp-json\/wp\/v2\/posts\/16715\/revisions"}],"wp:attachment":[{"href":"https:\/\/migracao.redenoticia.com.br\/noticia\/wp-json\/wp\/v2\/media?parent=16715"}],"wp:term":[{"taxonomy":"category","embeddable":true,"href":"https:\/\/migracao.redenoticia.com.br\/noticia\/wp-json\/wp\/v2\/categories?post=16715"},{"taxonomy":"post_tag","embeddable":true,"href":"https:\/\/migracao.redenoticia.com.br\/noticia\/wp-json\/wp\/v2\/tags?post=16715"}],"curies":[{"name":"wp","href":"https:\/\/api.w.org\/{rel}","templated":true}]}}