{"id":167156,"date":"2019-01-26T23:23:04","date_gmt":"2019-01-27T01:23:04","guid":{"rendered":"https:\/\/www.redenoticia.com.br\/noticia\/?p=167156"},"modified":"2019-01-27T13:22:12","modified_gmt":"2019-01-27T15:22:12","slug":"resumo-novela-o-tempo-nao-para-28-01-ultimo-capitulo","status":"publish","type":"post","link":"https:\/\/migracao.redenoticia.com.br\/noticia\/2019\/resumo-novela-o-tempo-nao-para-28-01-ultimo-capitulo\/167156","title":{"rendered":"Resumo novela \u201cO Tempo N\u00e3o Para\u201d 28\/01: \u00faltimo cap\u00edtulo"},"content":{"rendered":"<p><strong><em><img loading=\"lazy\" decoding=\"async\" class=\"aligncenter size-large wp-image-149486\" src=\"https:\/\/migracao.redenoticia.com.br\/noticia\/imagens\/o-tempo-nao-para-resumo-novela-33-400x225.jpg\" alt=\"\" width=\"400\" height=\"225\" srcset=\"https:\/\/migracao.redenoticia.com.br\/noticia\/imagens\/o-tempo-nao-para-resumo-novela-33-400x225.jpg 400w, https:\/\/migracao.redenoticia.com.br\/noticia\/imagens\/o-tempo-nao-para-resumo-novela-33-250x141.jpg 250w, https:\/\/migracao.redenoticia.com.br\/noticia\/imagens\/o-tempo-nao-para-resumo-novela-33-150x84.jpg 150w, https:\/\/migracao.redenoticia.com.br\/noticia\/imagens\/o-tempo-nao-para-resumo-novela-33.jpg 640w\" sizes=\"auto, (max-width: 400px) 100vw, 400px\" \/>Resumo novela \u201cO Tempo N\u00e3o Para\u201d 28\/01 <\/em><\/strong>: no cap\u00edtulo 156(*) da novela, resumo segunda-feira, 28 de janeiro, O \u00faltimo cap\u00edtulo n\u00e3o ser\u00e1 resumido pela emissora. Um novo obst\u00e1culo ir\u00e1 separar Samurocas: o vidro de isolamento da Criotec. Sem saber, a mocinha vem sendo mantida como cobaia de Petra (Eva Wilma), que jura ter descoberto um v\u00edrus grav\u00edssimo em Marocas. Em isolamento, ela ser\u00e1 v\u00edtima de uma nova arma\u00e7\u00e3o de Betina e L\u00facio que, por jurar que a mocinha \u00e9 a respons\u00e1vel pela morte de seu irm\u00e3o g\u00eameo, Em\u00edlio, prometeu vingan\u00e7a.<\/p>\n<p>Ap\u00f3s ser contaminada com o v\u00edrus manipulado por Herberto (Claudio Mendes) a mando do vil\u00e3o &#8211; e sem fazer a menor ideia disso, Marocas troca um olhar carinhoso com Samuca. Inconformado com o diagn\u00f3stico da mulher, ele pede para ficar a s\u00f3s com a amada, quando se olham com amor e tocam as m\u00e3os pelo vidro blindado: &#8220;Voc\u00ea nunca ia ser um perigo pra mim, Marocas. Voc\u00ea \u00e9 o meu Sol, o meu norte&#8230;&#8221; &#8220;Voc\u00ea tamb\u00e9m \u00e9 tudo pra mim&#8221;, diz Marocas.<\/p>\n<p>&#8212;<br \/>\nL\u00facio recebe o v\u00eddeo do detetive particular que mostra Betina saindo da floricultura com o buqu\u00ea de flores. Cego de amor pela vil\u00e3, ele sente o baque ao v\u00ea-la nas imagens e deixa escorrer uma l\u00e1grima. Mais tarde, quando a encontra, L\u00facio \u00e9 enigm\u00e1tico: &#8220;Eu sinto que agora conhe\u00e7o voc\u00ea melhor do que ningu\u00e9m, Betina&#8230;&#8221;<\/p>\n<p>&#8212;<br \/>\nCansado de ter poucas explica\u00e7\u00f5es sobre o diagn\u00f3tico de Marocas, Samuca enfrenta Petra (Eva Wilma) na Criotec: &#8220;Doutora Petra&#8230; Ou a senhora abre o jogo comigo, ou eu juro que a senhora vai se arrepender de ter voltado pra c\u00e1.&#8221; Ela tenta desconversar e pede que o empres\u00e1rio tenha calma, mas Samuca n\u00e3o lhe d\u00e1 ouvidos. Inconformado com o isolamento da amada e informa\u00e7\u00f5es desencontradas sobre o estado de Marocas, ele cobra esclarecimentos.<\/p>\n<p>Assustada com a rea\u00e7\u00e3o de Samuca, que no passado inclusive foi quem a ajudou a fugir do pa\u00eds, ela explica que Marocas \u00e9 hospedeira de um v\u00edrus teoricamente incur\u00e1vel e, por isso, deu a ela o prot\u00f3tipo de uma vacina. A revela\u00e7\u00e3o gera a revolta de Samuca: &#8220;A senhora usou a minha mulher como cobaia?&#8221;<\/p>\n<p>&#8212;<br \/>\nL\u00facio se vinga de Betina e Mariacarla. Marocas recebe tratamento e fica curada. Samuca recupera a Samvita.<\/p>\n<p>Os casais Vanda (Lucy Ramos) e Menelau (David Junior), Bento (Bruno Montaleone) e Nat (Malu Falangola), Paulina (Carol Macedo) e Cec\u00edlio (Maicon Rodrigues) trocam juras de amor e vivem a felicidade do romance.<\/p>\n<p>(*) edi\u00e7\u00e3o da Rede Globo, Novela \u201cO Tempo N\u00e3o Para\u201d, sujeito a altera\u00e7\u00e3o de data e conte\u00fado.<\/p>\n<p>Anos de avan\u00e7os e descobertas que moldaram costumes, h\u00e1bitos e linguagens da sociedade contempor\u00e2nea v\u00e3o gerar um choque em uma abastada fam\u00edlia do s\u00e9culo XIX que desperta no s\u00e9culo XXI. Por 132 anos, os Sabino Machado e seus agregados ficaram congelados, dentro de um bloco de gelo, enquanto a vida l\u00e1 fora passava. Agora, v\u00e3o despertar em uma S\u00e3o Paulo pulsante e turbulenta e se deparar com a sociedade em pleno 2018. &#8220;O Tempo N\u00e3o Para&#8221;, nova novela das 7, \u00e9 escrita por Mario Teixeira e tem dire\u00e7\u00e3o art\u00edstica de Leonardo Nogueira.<\/p>\n","protected":false},"excerpt":{"rendered":"<p>Resumo novela \u201cO Tempo N\u00e3o Para\u201d 28\/01 : no cap\u00edtulo 156(*) da novela, resumo segunda-feira, 28 de janeiro, O \u00faltimo cap\u00edtulo n\u00e3o ser\u00e1 resumido pela emissora. Um novo obst\u00e1culo ir\u00e1 separar Samurocas: o vidro de isolamento da Criotec. Sem saber, a mocinha vem sendo mantida como cobaia de Petra (Eva Wilma), que jura ter descoberto [&hellip;]<\/p>\n","protected":false},"author":2,"featured_media":148343,"comment_status":"open","ping_status":"closed","sticky":false,"template":"","format":"standard","meta":{"tdm_status":"","tdm_grid_status":"","footnotes":""},"categories":[388,379,490,375,343],"tags":[441],"class_list":{"0":"post-167156","1":"post","2":"type-post","3":"status-publish","4":"format-standard","5":"has-post-thumbnail","7":"category-destaques","8":"category-novelas","9":"category-o-tempo-nao-para","10":"category-rede-globo","11":"category-televisao","12":"tag-resumo-do-dia"},"_links":{"self":[{"href":"https:\/\/migracao.redenoticia.com.br\/noticia\/wp-json\/wp\/v2\/posts\/167156","targetHints":{"allow":["GET"]}}],"collection":[{"href":"https:\/\/migracao.redenoticia.com.br\/noticia\/wp-json\/wp\/v2\/posts"}],"about":[{"href":"https:\/\/migracao.redenoticia.com.br\/noticia\/wp-json\/wp\/v2\/types\/post"}],"author":[{"embeddable":true,"href":"https:\/\/migracao.redenoticia.com.br\/noticia\/wp-json\/wp\/v2\/users\/2"}],"replies":[{"embeddable":true,"href":"https:\/\/migracao.redenoticia.com.br\/noticia\/wp-json\/wp\/v2\/comments?post=167156"}],"version-history":[{"count":0,"href":"https:\/\/migracao.redenoticia.com.br\/noticia\/wp-json\/wp\/v2\/posts\/167156\/revisions"}],"wp:featuredmedia":[{"embeddable":true,"href":"https:\/\/migracao.redenoticia.com.br\/noticia\/wp-json\/wp\/v2\/media\/148343"}],"wp:attachment":[{"href":"https:\/\/migracao.redenoticia.com.br\/noticia\/wp-json\/wp\/v2\/media?parent=167156"}],"wp:term":[{"taxonomy":"category","embeddable":true,"href":"https:\/\/migracao.redenoticia.com.br\/noticia\/wp-json\/wp\/v2\/categories?post=167156"},{"taxonomy":"post_tag","embeddable":true,"href":"https:\/\/migracao.redenoticia.com.br\/noticia\/wp-json\/wp\/v2\/tags?post=167156"}],"curies":[{"name":"wp","href":"https:\/\/api.w.org\/{rel}","templated":true}]}}