{"id":167162,"date":"2019-01-27T00:58:32","date_gmt":"2019-01-27T02:58:32","guid":{"rendered":"https:\/\/www.redenoticia.com.br\/noticia\/?p=167162"},"modified":"2019-01-27T00:58:36","modified_gmt":"2019-01-27T02:58:36","slug":"novela-cordel-encantado-herculano-revela-a-jesuino-que-e-seu-pai","status":"publish","type":"post","link":"https:\/\/migracao.redenoticia.com.br\/noticia\/2019\/novela-cordel-encantado-herculano-revela-a-jesuino-que-e-seu-pai\/167162","title":{"rendered":"Novela &#8220;Cordel Encantado&#8221;: Herculano revela a Jesu\u00edno que \u00e9 seu pai"},"content":{"rendered":"<p><strong><em><img loading=\"lazy\" decoding=\"async\" class=\"aligncenter size-large wp-image-165214\" src=\"https:\/\/migracao.redenoticia.com.br\/noticia\/imagens\/cordel-004-319x300.jpg\" alt=\"\" width=\"319\" height=\"300\" srcset=\"https:\/\/migracao.redenoticia.com.br\/noticia\/imagens\/cordel-004-319x300.jpg 319w, https:\/\/migracao.redenoticia.com.br\/noticia\/imagens\/cordel-004-199x187.jpg 199w, https:\/\/migracao.redenoticia.com.br\/noticia\/imagens\/cordel-004-150x141.jpg 150w, https:\/\/migracao.redenoticia.com.br\/noticia\/imagens\/cordel-004.jpg 669w, https:\/\/migracao.redenoticia.com.br\/noticia\/imagens\/cordel-004-560x527.jpg 560w\" sizes=\"auto, (max-width: 319px) 100vw, 319px\" \/>Novela &#8220;Cordel Encantado&#8221;:<\/em><\/strong> Jesu\u00edno (Cau\u00e3 Reymond) e Benvinda (Claudia Ohana) jantam em casa. Herculano (Domingos Montagner) aparece e diz que tem um assunto s\u00e9rio para tratar com Jesu\u00edno, que afirma n\u00e3o falar com bandido. \u201cEu n\u00e3o sou bandido. Sou cangaceiro. Her\u00f3i do sert\u00e3o! E tu vai falar comigo, sim, seu atrevido! Porque eu sou teu pai!\u201d, revela.<\/p>\n<p>Chocado, o sertanejo n\u00e3o acredita nas palavras do cangaceiro e garante que seu pai era um lavrador. Herculano ri da mentira que Benvinda inventou e come\u00e7a a contar a verdadeira hist\u00f3ria.<\/p>\n<p>Ele diz que o coronel Janu\u00e1rio (Reginaldo Faria) criou Jesu\u00edno porque em troca teve a prote\u00e7\u00e3o dos cangaceiros. Mas desde o come\u00e7o ficou acertado que quando Jesu\u00edno tivesse barba na cara o pai viria busca-lo. Por\u00e9m a pedido de Benvinda, esperou a morte do coronel. \u201c(&#8230;) Eu esperei. Agora o dia chegou, Benvinda! Vim te buscar Jesu\u00edno, pra tu assumir meu lugar no canga\u00e7o\u201d, afirma.<\/p>\n<p>Ela agarra Jesu\u00edno e grita para Herculano que n\u00e3o vai deix\u00e1-lo levar seu filho. O jovem acalma sua m\u00e3e e tenta se convencer: \u201c(&#8230;.) Eu n\u00e3o sou filho de cangaceiro&#8230; n\u00e3o sou! N\u00e3o posso ser filho de quem rouba, destr\u00f3i, incendeia&#8230; mata! N\u00e3o sou filho de bandido! N\u00e3o sou&#8230; n\u00e3o sou&#8230;\u201d<\/p>\n<p>O Rei do Canga\u00e7o fica ferido com as palavras de seu filho e come\u00e7a a ouvir sinais de seus homens para ir embora. Herculano diz que vai dar um tempo para Jesu\u00edno conversar com sua m\u00e3e, mas volta em breve.<\/p>\n<p>Depois que o cangaceiro vai embora, Jesu\u00edno exige saber a verdade e Benvinda confirma tudo o que Herculano disse. \u201cMeu filho, me perdoe. Eu te imploro, me perdoe. Diga que me perdoa, Jesu\u00edno&#8230;\u201d, pede, mas ele sai de casa desnorteado.<\/p>\n<p>&#8212;<br \/>\nSinopse &#8220;Cordel Encantado&#8221;: Augusto e sua rainha vivem uma vida harmoniosa e feliz, sem imaginar que est\u00e3o cercados por dois vil\u00f5es: \u00darsula (D\u00e9bora Bloch), cunhada do rei, e Nicolau (Luiz Fernando Guimar\u00e3es), o atrapalhado mordomo da corte. A bela, elegante e sofisticada duquesa \u00e9 a pessoa mais perigosa e falsa de todo o reino. Ajudada por Nicolau, seu amante, \u00darsula deseja se tornar rainha. E a viagem a Brogod\u00f3 \u00e9 a chance que a duquesa sempre quis para se livrar de Cristina e da princesa.<\/p>\n<p>A sede de poder da dupla de vil\u00f5es \u00e9 crescente: no Brasil, para onde se muda com a corte europeia, o casal continua a planejar e executar planos para conseguir o que quer. No decorrer da novela, revela-se que Lady Cec\u00edlia (Sofia Terra), que \u00darsula criava como sobrinha, \u00e9 filha da vil\u00e3 com o general Baldini (Em\u00edlio de Mello), militar do ex\u00e9rcito de Ser\u00e1fia do Norte.<\/p>\n<p>Fonte Rede Globo &#8220;Cordel Encantado\u201d<\/p>\n","protected":false},"excerpt":{"rendered":"<p>Novela &#8220;Cordel Encantado&#8221;: Jesu\u00edno (Cau\u00e3 Reymond) e Benvinda (Claudia Ohana) jantam em casa. Herculano (Domingos Montagner) aparece e diz que tem um assunto s\u00e9rio para tratar com Jesu\u00edno, que afirma n\u00e3o falar com bandido. \u201cEu n\u00e3o sou bandido. Sou cangaceiro. Her\u00f3i do sert\u00e3o! E tu vai falar comigo, sim, seu atrevido! Porque eu sou teu [&hellip;]<\/p>\n","protected":false},"author":2,"featured_media":165215,"comment_status":"open","ping_status":"closed","sticky":false,"template":"","format":"standard","meta":{"tdm_status":"","tdm_grid_status":"","footnotes":""},"categories":[535,388,379,375,343],"tags":[440],"class_list":{"0":"post-167162","1":"post","2":"type-post","3":"status-publish","4":"format-standard","5":"has-post-thumbnail","7":"category-cordel-encantado","8":"category-destaques","9":"category-novelas","10":"category-rede-globo","11":"category-televisao","12":"tag-noticia-novela"},"_links":{"self":[{"href":"https:\/\/migracao.redenoticia.com.br\/noticia\/wp-json\/wp\/v2\/posts\/167162","targetHints":{"allow":["GET"]}}],"collection":[{"href":"https:\/\/migracao.redenoticia.com.br\/noticia\/wp-json\/wp\/v2\/posts"}],"about":[{"href":"https:\/\/migracao.redenoticia.com.br\/noticia\/wp-json\/wp\/v2\/types\/post"}],"author":[{"embeddable":true,"href":"https:\/\/migracao.redenoticia.com.br\/noticia\/wp-json\/wp\/v2\/users\/2"}],"replies":[{"embeddable":true,"href":"https:\/\/migracao.redenoticia.com.br\/noticia\/wp-json\/wp\/v2\/comments?post=167162"}],"version-history":[{"count":0,"href":"https:\/\/migracao.redenoticia.com.br\/noticia\/wp-json\/wp\/v2\/posts\/167162\/revisions"}],"wp:featuredmedia":[{"embeddable":true,"href":"https:\/\/migracao.redenoticia.com.br\/noticia\/wp-json\/wp\/v2\/media\/165215"}],"wp:attachment":[{"href":"https:\/\/migracao.redenoticia.com.br\/noticia\/wp-json\/wp\/v2\/media?parent=167162"}],"wp:term":[{"taxonomy":"category","embeddable":true,"href":"https:\/\/migracao.redenoticia.com.br\/noticia\/wp-json\/wp\/v2\/categories?post=167162"},{"taxonomy":"post_tag","embeddable":true,"href":"https:\/\/migracao.redenoticia.com.br\/noticia\/wp-json\/wp\/v2\/tags?post=167162"}],"curies":[{"name":"wp","href":"https:\/\/api.w.org\/{rel}","templated":true}]}}