{"id":167164,"date":"2019-01-30T21:15:13","date_gmt":"2019-01-30T23:15:13","guid":{"rendered":"https:\/\/www.redenoticia.com.br\/noticia\/?p=167164"},"modified":"2019-01-30T22:32:08","modified_gmt":"2019-01-31T00:32:08","slug":"novela-cordel-encantado-ursula-provoca-acidente-para-matar-acucena","status":"publish","type":"post","link":"https:\/\/migracao.redenoticia.com.br\/noticia\/2019\/novela-cordel-encantado-ursula-provoca-acidente-para-matar-acucena\/167164","title":{"rendered":"Novela &#8220;Cordel Encantado&#8221;: A\u00e7ucena sofre acidente s\u00e9rio provocado por \u00darsula"},"content":{"rendered":"<p><strong><em><img loading=\"lazy\" decoding=\"async\" class=\"aligncenter size-large wp-image-165215\" src=\"https:\/\/migracao.redenoticia.com.br\/noticia\/imagens\/cordel-003-400x300.jpg\" alt=\"\" width=\"400\" height=\"300\" srcset=\"https:\/\/migracao.redenoticia.com.br\/noticia\/imagens\/cordel-003-400x300.jpg 400w, https:\/\/migracao.redenoticia.com.br\/noticia\/imagens\/cordel-003-250x187.jpg 250w, https:\/\/migracao.redenoticia.com.br\/noticia\/imagens\/cordel-003-150x113.jpg 150w, https:\/\/migracao.redenoticia.com.br\/noticia\/imagens\/cordel-003-265x198.jpg 265w, https:\/\/migracao.redenoticia.com.br\/noticia\/imagens\/cordel-003.jpg 480w\" sizes=\"auto, (max-width: 400px) 100vw, 400px\" \/>Novela &#8220;Cordel Encantado&#8221;:<\/em><\/strong> \u00darsula (D\u00e9bora Bloch) faz pacto com Tim\u00f3teo (Bruno Gagliasso), engana A\u00e7ucena (Bianca Bin) e a leva ao seu encontro. Ela finge estar procurando uma benzedeira pelos arredores de Vila da Cruz e consegue arrastar a sertaneja para longe de casa.<\/p>\n<p>Ao chegar a uma casa abandonada, a jovem se depara com Tim\u00f3teo e Tibungo (Land Vieira) \u00e0 sua espera. Eles armam um teatro e \u00darsula finge ser levada pelo capanga, deixando A\u00e7ucena sozinha com o filho do coronel. Tim\u00f3teo entra no casebre agarrado \u00e0 sertaneja, tapando a boca dela e amea\u00e7ando: \u201cNingu\u00e9m por perto. Nem seu pai, nem sua m\u00e3e, nem seu irm\u00e3o, muito menos seu noivo. Dessa vez, voc\u00ea n\u00e3o escapa, A\u00e7ucena!\u201d<\/p>\n<p>A\u00e7ucena consegue chutar Tim\u00f3teo e se soltar, mas o vil\u00e3o se levanta e a agarra novamente, tentando beij\u00e1-la.<\/p>\n<p>De repente, a porta se abre com o forte chute de Z\u00f3io-Furado (Tuca Andrada). Tim\u00f3teo e A\u00e7ucena se assustam, mas o cangaceiro mostra que est\u00e1 ali para salv\u00e1-la e ordena: \u201cSolte a mo\u00e7a!\u201d.<\/p>\n<p>Furioso, Tim\u00f3teo pergunta quem o mandou ali para atrapalhar seu plano. Z\u00f3io-Furado responde seco: \u201cAlgu\u00e9m que protege essa mocinha. E se o mo\u00e7o aprecia a vida, \u00e9 bom que fique longe dela. Pro seu bem! Fique longe, bem longe dela!\u201d.<\/p>\n<p>Z\u00f3io-furado sai cavalgando com a jovem e a leva ao encontro de \u00darsula e Nicolau (Luiz Fernando Guimar\u00e3es). Seguindo com o plano, os dois se oferecem para ajudar a sertaneja a fugir do vil\u00e3o. \u201cVamos te levar para bem longe daquele rapaz\u201d, afirma a duquesa.<\/p>\n<p>Eles a resgatam em uma carro\u00e7a, fingindo lev\u00e1-la para casa. Nicolau ati\u00e7a os cavalos que disparam. A duquesa e o amante direcionam a carro\u00e7a para uma \u00e1rvore e pulam antes da colis\u00e3o. A\u00e7ucena, que estava na parte de tr\u00e1s, \u00e9 arremessada longe e cai desmaiada. Parece que seu estado \u00e9 grave&#8230;<\/p>\n<p>&#8212;<br \/>\nSinopse &#8220;Cordel Encantado&#8221;: Augusto e sua rainha vivem uma vida harmoniosa e feliz, sem imaginar que est\u00e3o cercados por dois vil\u00f5es: \u00darsula (D\u00e9bora Bloch), cunhada do rei, e Nicolau (Luiz Fernando Guimar\u00e3es), o atrapalhado mordomo da corte. A bela, elegante e sofisticada duquesa \u00e9 a pessoa mais perigosa e falsa de todo o reino. Ajudada por Nicolau, seu amante, \u00darsula deseja se tornar rainha. E a viagem a Brogod\u00f3 \u00e9 a chance que a duquesa sempre quis para se livrar de Cristina e da princesa.<\/p>\n<p>A sede de poder da dupla de vil\u00f5es \u00e9 crescente: no Brasil, para onde se muda com a corte europeia, o casal continua a planejar e executar planos para conseguir o que quer. No decorrer da novela, revela-se que Lady Cec\u00edlia (Sofia Terra), que \u00darsula criava como sobrinha, \u00e9 filha da vil\u00e3 com o general Baldini (Em\u00edlio de Mello), militar do ex\u00e9rcito de Ser\u00e1fia do Norte.<\/p>\n<p>Fonte Rede Globo &#8220;Cordel Encantado\u201d<\/p>\n","protected":false},"excerpt":{"rendered":"<p>Novela &#8220;Cordel Encantado&#8221;: \u00darsula (D\u00e9bora Bloch) faz pacto com Tim\u00f3teo (Bruno Gagliasso), engana A\u00e7ucena (Bianca Bin) e a leva ao seu encontro. Ela finge estar procurando uma benzedeira pelos arredores de Vila da Cruz e consegue arrastar a sertaneja para longe de casa. Ao chegar a uma casa abandonada, a jovem se depara com Tim\u00f3teo [&hellip;]<\/p>\n","protected":false},"author":2,"featured_media":165216,"comment_status":"open","ping_status":"closed","sticky":false,"template":"","format":"standard","meta":{"tdm_status":"","tdm_grid_status":"","footnotes":""},"categories":[535,388,379,375,343],"tags":[440],"class_list":{"0":"post-167164","1":"post","2":"type-post","3":"status-publish","4":"format-standard","5":"has-post-thumbnail","7":"category-cordel-encantado","8":"category-destaques","9":"category-novelas","10":"category-rede-globo","11":"category-televisao","12":"tag-noticia-novela"},"_links":{"self":[{"href":"https:\/\/migracao.redenoticia.com.br\/noticia\/wp-json\/wp\/v2\/posts\/167164","targetHints":{"allow":["GET"]}}],"collection":[{"href":"https:\/\/migracao.redenoticia.com.br\/noticia\/wp-json\/wp\/v2\/posts"}],"about":[{"href":"https:\/\/migracao.redenoticia.com.br\/noticia\/wp-json\/wp\/v2\/types\/post"}],"author":[{"embeddable":true,"href":"https:\/\/migracao.redenoticia.com.br\/noticia\/wp-json\/wp\/v2\/users\/2"}],"replies":[{"embeddable":true,"href":"https:\/\/migracao.redenoticia.com.br\/noticia\/wp-json\/wp\/v2\/comments?post=167164"}],"version-history":[{"count":0,"href":"https:\/\/migracao.redenoticia.com.br\/noticia\/wp-json\/wp\/v2\/posts\/167164\/revisions"}],"wp:featuredmedia":[{"embeddable":true,"href":"https:\/\/migracao.redenoticia.com.br\/noticia\/wp-json\/wp\/v2\/media\/165216"}],"wp:attachment":[{"href":"https:\/\/migracao.redenoticia.com.br\/noticia\/wp-json\/wp\/v2\/media?parent=167164"}],"wp:term":[{"taxonomy":"category","embeddable":true,"href":"https:\/\/migracao.redenoticia.com.br\/noticia\/wp-json\/wp\/v2\/categories?post=167164"},{"taxonomy":"post_tag","embeddable":true,"href":"https:\/\/migracao.redenoticia.com.br\/noticia\/wp-json\/wp\/v2\/tags?post=167164"}],"curies":[{"name":"wp","href":"https:\/\/api.w.org\/{rel}","templated":true}]}}