{"id":167329,"date":"2019-01-28T16:31:17","date_gmt":"2019-01-28T18:31:17","guid":{"rendered":"https:\/\/www.redenoticia.com.br\/noticia\/?p=167329"},"modified":"2019-01-28T16:31:19","modified_gmt":"2019-01-28T18:31:19","slug":"resumo-novela-cordel-encantado-29-01-dora-descobre-que-jesuino-e-acucena-reataram","status":"publish","type":"post","link":"https:\/\/migracao.redenoticia.com.br\/noticia\/2019\/resumo-novela-cordel-encantado-29-01-dora-descobre-que-jesuino-e-acucena-reataram\/167329","title":{"rendered":"Resumo novela \u201cCordel Encantado\u201d 29\/01: Dora descobre que Jesu\u00edno e A\u00e7ucena reataram"},"content":{"rendered":"<p><img loading=\"lazy\" decoding=\"async\" class=\"aligncenter size-large wp-image-165214\" src=\"https:\/\/migracao.redenoticia.com.br\/noticia\/imagens\/cordel-004-319x300.jpg\" alt=\"\" width=\"319\" height=\"300\" srcset=\"https:\/\/migracao.redenoticia.com.br\/noticia\/imagens\/cordel-004-319x300.jpg 319w, https:\/\/migracao.redenoticia.com.br\/noticia\/imagens\/cordel-004-199x187.jpg 199w, https:\/\/migracao.redenoticia.com.br\/noticia\/imagens\/cordel-004-150x141.jpg 150w, https:\/\/migracao.redenoticia.com.br\/noticia\/imagens\/cordel-004.jpg 669w, https:\/\/migracao.redenoticia.com.br\/noticia\/imagens\/cordel-004-560x527.jpg 560w\" sizes=\"auto, (max-width: 319px) 100vw, 319px\" \/><strong><em>Resumo novela \u201cCordel Encantado\u201d 29\/01 <\/em><\/strong>: no cap\u00edtulo 011(*) da novela, resumo de ter\u00e7a-feira, 29 de janeiro, \u00darsula estranha que Herculano queira que o rei acredite que Aurora esteja morta. Dora e Felipe contam para In\u00e1cio que Ces\u00e1ria foi acusada de ter roubado o dinheiro em seu lugar. Jesu\u00edno teme que Tim\u00f3teo descubra onde sua noiva est\u00e1. A\u00e7ucena desconfia de que sua m\u00e3e esteja mentindo para ela. \u00darsula afirma a Nicolau que vai descobrir o motivo que levou Herculano a mentir sobre a princesa. Janu\u00e1rio se enfurece com a atitude de In\u00e1cio e cancela o seu noivado com sua filha.<\/p>\n<p>Ant\u00f4nia foge e C\u00edcero e In\u00e1cio v\u00e3o atr\u00e1s. Bator\u00e9, Pat\u00e1cio e Ternurinha brigam pelo dinheiro da fian\u00e7a de Ces\u00e1ria. Jesu\u00edno, Dora e C\u00edcero levam Ant\u00f4nia para casa. Dora fica decepcionada ao saber que Jesu\u00edno e A\u00e7ucena reataram. Herculano leva \u00darsula para o seu acampamento. Augusto repreende In\u00e1cio por ter roubado o dinheiro do prefeito e exige que todos se desculpem com Ces\u00e1ria. Ant\u00f4nia teme que Janu\u00e1rio retome seu noivado com Bator\u00e9. Tim\u00f3teo e Tibungo seguem Jesu\u00edno. \u00darsula coloca o soro da verdade na bebida de Herculano sem que ele perceba e pergunta sobre a princesa.<\/p>\n<p>(*) edi\u00e7\u00e3o da Rede Globo, Novela \u201cCordel Encantado\u201d, sujeito a altera\u00e7\u00e3o de data e conte\u00fado.<\/p>\n<p>Sinopse \u201cCordel Encantado\u201d: Vendo o marido muito ferido, depois de mais uma terr\u00edvel batalha, a rainha Helena (Mariana Lima) vai ao castelo inimigo amaldi\u00e7oar toda a fam\u00edlia do rei Augusto. Faz isso gr\u00e1vida de In\u00e1cio (Maur\u00edcio Destri) e acompanhada de seu filho mais velho, Felipe (Jayme Matarazzo). O monarca se comove com a dor de Helena e, por sugest\u00e3o de Cristina, prop\u00f5e um acordo a Teobaldo, ferido mortalmente: seus primog\u00eanitos Aurora e Felipe devem se casar quando atingirem a maior idade, unificando e trazendo paz aos dois estados. Teobaldo aceita o acordo e morre logo depois. As duas crian\u00e7as s\u00e3o apresentadas publicamente como os futuros reis de Ser\u00e1fia.<\/p>\n<p>Seguindo a interpreta\u00e7\u00e3o on\u00edrica feita por Amadeus, uma longa viagem come\u00e7a a ser planejada. Zen\u00f3bio Alfredo (Guilherme Fontes), bot\u00e2nico de Ser\u00e1fia do Norte, que estava no Brasil envolvido com pesquisas cient\u00edficas, traz ao rei not\u00edcias de um tesouro, escondido em terras tropicais pelo fundador do reino, Dom Serafim. O bot\u00e2nico sugere que o rei financie uma expedi\u00e7\u00e3o a Brogod\u00f3, e Augusto, amante das ci\u00eancias e das aventuras, n\u00e3o s\u00f3 concorda com a ideia como faz quest\u00e3o de liderar a empreitada. O rei s\u00f3 n\u00e3o contava que sua esposa, a rainha Cristina, resolveria acompanh\u00e1-lo, levando consigo a pequena Aurora.<\/p>\n","protected":false},"excerpt":{"rendered":"<p>Resumo novela \u201cCordel Encantado\u201d 29\/01 : no cap\u00edtulo 011(*) da novela, resumo de ter\u00e7a-feira, 29 de janeiro, \u00darsula estranha que Herculano queira que o rei acredite que Aurora esteja morta. Dora e Felipe contam para In\u00e1cio que Ces\u00e1ria foi acusada de ter roubado o dinheiro em seu lugar. Jesu\u00edno teme que Tim\u00f3teo descubra onde sua [&hellip;]<\/p>\n","protected":false},"author":4,"featured_media":165215,"comment_status":"open","ping_status":"closed","sticky":false,"template":"","format":"standard","meta":{"tdm_status":"","tdm_grid_status":"","footnotes":""},"categories":[535,379,375,343],"tags":[441],"class_list":{"0":"post-167329","1":"post","2":"type-post","3":"status-publish","4":"format-standard","5":"has-post-thumbnail","7":"category-cordel-encantado","8":"category-novelas","9":"category-rede-globo","10":"category-televisao","11":"tag-resumo-do-dia"},"_links":{"self":[{"href":"https:\/\/migracao.redenoticia.com.br\/noticia\/wp-json\/wp\/v2\/posts\/167329","targetHints":{"allow":["GET"]}}],"collection":[{"href":"https:\/\/migracao.redenoticia.com.br\/noticia\/wp-json\/wp\/v2\/posts"}],"about":[{"href":"https:\/\/migracao.redenoticia.com.br\/noticia\/wp-json\/wp\/v2\/types\/post"}],"author":[{"embeddable":true,"href":"https:\/\/migracao.redenoticia.com.br\/noticia\/wp-json\/wp\/v2\/users\/4"}],"replies":[{"embeddable":true,"href":"https:\/\/migracao.redenoticia.com.br\/noticia\/wp-json\/wp\/v2\/comments?post=167329"}],"version-history":[{"count":0,"href":"https:\/\/migracao.redenoticia.com.br\/noticia\/wp-json\/wp\/v2\/posts\/167329\/revisions"}],"wp:featuredmedia":[{"embeddable":true,"href":"https:\/\/migracao.redenoticia.com.br\/noticia\/wp-json\/wp\/v2\/media\/165215"}],"wp:attachment":[{"href":"https:\/\/migracao.redenoticia.com.br\/noticia\/wp-json\/wp\/v2\/media?parent=167329"}],"wp:term":[{"taxonomy":"category","embeddable":true,"href":"https:\/\/migracao.redenoticia.com.br\/noticia\/wp-json\/wp\/v2\/categories?post=167329"},{"taxonomy":"post_tag","embeddable":true,"href":"https:\/\/migracao.redenoticia.com.br\/noticia\/wp-json\/wp\/v2\/tags?post=167329"}],"curies":[{"name":"wp","href":"https:\/\/api.w.org\/{rel}","templated":true}]}}