{"id":167446,"date":"2019-01-29T23:30:42","date_gmt":"2019-01-30T01:30:42","guid":{"rendered":"https:\/\/www.redenoticia.com.br\/noticia\/?p=167446"},"modified":"2019-01-29T23:31:27","modified_gmt":"2019-01-30T01:31:27","slug":"enquete-bbb-19-votacao-quem-sai-no-paredao","status":"publish","type":"post","link":"https:\/\/migracao.redenoticia.com.br\/noticia\/2019\/enquete-bbb-19-votacao-quem-sai-no-paredao\/167446","title":{"rendered":"Enquete &#8220;BBB&#8221; 19 vota\u00e7\u00e3o: quem sai no pared\u00e3o Gustavo, Hariany e Paula"},"content":{"rendered":"\n<div class=\"wp-block-image\"><figure class=\"aligncenter\"><img loading=\"lazy\" decoding=\"async\" width=\"329\" height=\"300\" src=\"https:\/\/migracao.redenoticia.com.br\/noticia\/imagens\/BBB-enquete-votacao-resultado-001-329x300.jpg\" alt=\"Big Brother Brasil BBB 19 Enquete Vota\u00e7\u00e3o Resultado\" class=\"wp-image-166031\" srcset=\"https:\/\/migracao.redenoticia.com.br\/noticia\/imagens\/BBB-enquete-votacao-resultado-001-329x300.jpg 329w, https:\/\/migracao.redenoticia.com.br\/noticia\/imagens\/BBB-enquete-votacao-resultado-001-205x187.jpg 205w, https:\/\/migracao.redenoticia.com.br\/noticia\/imagens\/BBB-enquete-votacao-resultado-001-150x137.jpg 150w, https:\/\/migracao.redenoticia.com.br\/noticia\/imagens\/BBB-enquete-votacao-resultado-001-560x510.jpg 560w, https:\/\/migracao.redenoticia.com.br\/noticia\/imagens\/BBB-enquete-votacao-resultado-001.jpg 620w\" sizes=\"auto, (max-width: 329px) 100vw, 329px\" \/><\/figure><\/div>\n\n\n<p>A <em><strong>enquete &#8220;BBB&#8221; 19 que pesquisa a vota\u00e7\u00e3o<\/strong><\/em> no pared\u00e3o entre <em><strong>Gustavo, Hariany e Paula<\/strong><\/em> indica que&nbsp;&nbsp;<em><strong>quem sai no pared\u00e3o<\/strong><\/em> pode ser Gustavo. Em 29\/01, \u00e0s 16h31, Hariany e Paula permanecem com a prefer\u00eancia do p\u00fablico.&nbsp; O resultado oficial sai no programa desta ter\u00e7a, 29.<\/p>\n<p>Veja o resultado parcial da vota\u00e7\u00e3o na enquete que pesquisa &#8211; &#8220;BBB&#8221; 19: vota\u00e7\u00e3o em Gustavo, Hariany e Paula movimenta a enquete<\/p>\n<p>Gustavo 66,72% (13.259 votos);<br>Paula 21,25% (4.223 votos);<br>Hariany 12,03% (2.392 votos);<br>Total de Votos: 19.874<\/p>\n<p>&#8212;<\/p>\n<p><script type=\"text\/javascript\" charset=\"utf-8\" data-cfasync=\"false\" src=\"https:\/\/secure.polldaddy.com\/p\/10224209.js\"><\/script><br>\n<noscript><a href=\"https:\/\/poll.fm\/10224209\">Enquete \u201cBBB\u201d 19 quem deve sair: vota\u00e7\u00e3o em Gustavo, Hariany e Paula<\/a><\/noscript><\/p>\n<p>Se voc\u00ea n\u00e3o est\u00e1 vendo a enquete, clique no link: <a href=\"https:\/\/migracao.redenoticia.com.br\/noticia\/2019\/bbb-19-votacao-em-gustavo-hariany-e-paula-movimenta-a-enquete\/167270\">\u201cBBB\u201d 19: vota\u00e7\u00e3o em Gustavo, Hariany e Paula movimentou a enquete<\/a><\/p>\n<p>Gustavo recebeu 78,94% dos votos v\u00e1lidos e foi eliminado do programa.<\/p>\n<p>Conhe\u00e7a os BBB`s desta edi\u00e7\u00e3o:<\/p>\n<p>Alan \u2013 empres\u00e1rio e administrador, o brother, de Crici\u00fama (SC), tem 26 anos e \u00e9 considerado mulherengo pela fam\u00edlia.<\/p>\n<p>Carolina \u2013 a baiana tem 33 anos, \u00e9 publicit\u00e1ria e empres\u00e1ria. O seu amuleto \u00e9 dar \u201cBom dia\u201d ao sol.<\/p>\n<p>Danrley \u2013 brother mais jovem da edi\u00e7\u00e3o. O carioca tem 19 anos, cursa Biologia e vende picol\u00e9 na praia nos fins de semana.<\/p>\n<p>Diego \u2013 empres\u00e1rio, campe\u00e3o brasileiro de la\u00e7o e com 30 anos de idade, ele entra na casa solteiro. \u00c9 de Rio Negrinho, Santa Catarina. NUNCA fez dieta.<\/p>\n<p>Elana \u2013 tem 25 anos, \u00e9 engenheira agr\u00f4noma e mora no sert\u00e3o do Piau\u00ed. Seu primeiro banho de chuveiro foi aos seis anos de idade.<\/p>\n<p>F\u00e1bio \u2013 desclassificado antes de entrar no programa. Ele n\u00e3o ser\u00e1 substitu\u00eddo.<\/p>\n<p>Gabriela \u2013 com 32 anos, a sister mora em Ribeir\u00e3o Preto e \u00e9 designer gr\u00e1fica e percussionista. \u00c9 f\u00e3 de Beyonc\u00e9 e imitava as Spice Girls na inf\u00e2ncia.<\/p>\n<p>Gustavo \u2013 m\u00e9dico oftalmologista, o brother tem 37 anos e terminou a rela\u00e7\u00e3o para estar solteir\u00edssimo no reality. Ele apaga todas as conversas em aplicativos de mensagens.<\/p>\n<p>Hana \u2013 carioca de 22 anos, \u00e9 bacharel em Cinema e produz v\u00eddeos para a internet. J\u00e1 doou medula \u00f3ssea para o irm\u00e3o.<\/p>\n<p>Hariany \u2013 mora em Senador Canedo, Goi\u00e1s, tem 21 anos, estuda Design de Moda e sonha em ser famosa. A sister j\u00e1 ficou com tr\u00eas sertanejos famosos.<\/p>\n<p>Isabella \u2013 com 24 anos, a sister \u00e9 de Natal\/RN e morou at\u00e9 os sete anos da It\u00e1lia. Foi Miss Natal 2014.<\/p>\n<p>Maycon \u2013 \u00e9 de Piumhi (MG) e tem 27 anos. Vendedor de queijos e barman, o brother tem vontade de ser cantor. Ele j\u00e1 namorou 12 vezes.<\/p>\n<p>Paula \u2013 Bacharel em Direito, tem 28 anos, \u00e9 de Lagoa Santa, Minas Gerais. A sister \u00e9 dona de uma porca, a Pippa.<\/p>\n<p>R\u00edzia \u2013 de 24 anos. A alagoana, de S\u00e3o Miguel dos Campos, luta por quest\u00f5es sociais. \u00c9 apaixonada por fotografia.<\/p>\n<p>Rodrigo \u2013 tem 40 anos, \u00e9 trig\u00eameo e defende a representatividade dos negros. O carioca ensinou a av\u00f3 a ler.<\/p>\n<p>Tereza \u2013 pernambucana, tem 52 anos e j\u00e1 se casou seis vezes. Para o seu filho, a participante compartilhava o sonho de entrar no \u201cBBB\u201d.<\/p>\n<p>Vanderson \u2013 de Rio Branco (AC). O bi\u00f3logo de 35 anos percorre aldeias ind\u00edgenas capacitando professores em Ci\u00eancia da Natureza. Ele faz croch\u00ea e toca ukulele.<\/p>\n<p>Vinicius \u2013 artista pl\u00e1stico, de Belo Horizonte (MG), 40 anos, \u00e9 apaixonado por m\u00fasica eletr\u00f4nica e promete movimentar a casa com seu jeito impaciente.<\/p>","protected":false},"excerpt":{"rendered":"<p>A enquete &#8220;BBB&#8221; 19 que pesquisa a vota\u00e7\u00e3o no pared\u00e3o entre Gustavo, Hariany e Paula indica que&nbsp;&nbsp;quem sai no pared\u00e3o pode ser Gustavo. Em 29\/01, \u00e0s 16h31, Hariany e Paula permanecem com a prefer\u00eancia do p\u00fablico.&nbsp; O resultado oficial sai no programa desta ter\u00e7a, 29. Veja o resultado parcial da vota\u00e7\u00e3o na enquete que pesquisa [&hellip;]<\/p>\n","protected":false},"author":2,"featured_media":166032,"comment_status":"open","ping_status":"closed","sticky":false,"template":"","format":"standard","meta":{"tdm_status":"","tdm_grid_status":"","footnotes":""},"categories":[375,343],"tags":[466,521],"class_list":{"0":"post-167446","1":"post","2":"type-post","3":"status-publish","4":"format-standard","5":"has-post-thumbnail","7":"category-rede-globo","8":"category-televisao","9":"tag-bbb","10":"tag-enquete"},"_links":{"self":[{"href":"https:\/\/migracao.redenoticia.com.br\/noticia\/wp-json\/wp\/v2\/posts\/167446","targetHints":{"allow":["GET"]}}],"collection":[{"href":"https:\/\/migracao.redenoticia.com.br\/noticia\/wp-json\/wp\/v2\/posts"}],"about":[{"href":"https:\/\/migracao.redenoticia.com.br\/noticia\/wp-json\/wp\/v2\/types\/post"}],"author":[{"embeddable":true,"href":"https:\/\/migracao.redenoticia.com.br\/noticia\/wp-json\/wp\/v2\/users\/2"}],"replies":[{"embeddable":true,"href":"https:\/\/migracao.redenoticia.com.br\/noticia\/wp-json\/wp\/v2\/comments?post=167446"}],"version-history":[{"count":0,"href":"https:\/\/migracao.redenoticia.com.br\/noticia\/wp-json\/wp\/v2\/posts\/167446\/revisions"}],"wp:featuredmedia":[{"embeddable":true,"href":"https:\/\/migracao.redenoticia.com.br\/noticia\/wp-json\/wp\/v2\/media\/166032"}],"wp:attachment":[{"href":"https:\/\/migracao.redenoticia.com.br\/noticia\/wp-json\/wp\/v2\/media?parent=167446"}],"wp:term":[{"taxonomy":"category","embeddable":true,"href":"https:\/\/migracao.redenoticia.com.br\/noticia\/wp-json\/wp\/v2\/categories?post=167446"},{"taxonomy":"post_tag","embeddable":true,"href":"https:\/\/migracao.redenoticia.com.br\/noticia\/wp-json\/wp\/v2\/tags?post=167446"}],"curies":[{"name":"wp","href":"https:\/\/api.w.org\/{rel}","templated":true}]}}