{"id":167455,"date":"2019-01-29T16:36:36","date_gmt":"2019-01-29T18:36:36","guid":{"rendered":"https:\/\/www.redenoticia.com.br\/noticia\/?p=167455"},"modified":"2019-01-29T16:36:38","modified_gmt":"2019-01-29T18:36:38","slug":"resumo-novela-cordel-encantado-30-01-dora-cai-no-buraco-em-que-jesuino-esta","status":"publish","type":"post","link":"https:\/\/migracao.redenoticia.com.br\/noticia\/2019\/resumo-novela-cordel-encantado-30-01-dora-cai-no-buraco-em-que-jesuino-esta\/167455","title":{"rendered":"Resumo novela \u201cCordel Encantado\u201d 30\/01: Dora cai no buraco em que Jesu\u00edno est\u00e1"},"content":{"rendered":"<p><img loading=\"lazy\" decoding=\"async\" class=\"aligncenter size-large wp-image-165214\" src=\"https:\/\/migracao.redenoticia.com.br\/noticia\/imagens\/cordel-004-319x300.jpg\" alt=\"\" width=\"319\" height=\"300\" srcset=\"https:\/\/migracao.redenoticia.com.br\/noticia\/imagens\/cordel-004-319x300.jpg 319w, https:\/\/migracao.redenoticia.com.br\/noticia\/imagens\/cordel-004-199x187.jpg 199w, https:\/\/migracao.redenoticia.com.br\/noticia\/imagens\/cordel-004-150x141.jpg 150w, https:\/\/migracao.redenoticia.com.br\/noticia\/imagens\/cordel-004.jpg 669w, https:\/\/migracao.redenoticia.com.br\/noticia\/imagens\/cordel-004-560x527.jpg 560w\" sizes=\"auto, (max-width: 319px) 100vw, 319px\" \/><strong><em>Resumo novela \u201cCordel Encantado\u201d 30\/01 <\/em><\/strong>: no cap\u00edtulo 012(*) da novela, resumo de quarta-feira, 30 de janeiro, Jesu\u00edno tenta sair do buraco, mas acaba desmaiando. Janu\u00e1rio manda Lilica chamar um m\u00e9dico para cuidar de Ant\u00f4nia. Efig\u00eania se preocupa com o estado de In\u00e1cio. Z\u00f3io-Furado diz que vai levar \u00darsula at\u00e9 a princesa. Lilica chega com S\u00e9rgio \u00e0 casa de Janu\u00e1rio. Virtuosa e Euz\u00e9bio procuram Jesu\u00edno. \u00darsula descobre quem \u00e9 A\u00e7ucena. Juca afirma a Am\u00e1lia que n\u00e3o voltar\u00e1 a trabalhar no pal\u00e1cio do governo. Efig\u00eania se assusta ao ver o estado em que Ternurinha deixa a cozinha. S\u00e9rgio fala que a febre de Ant\u00f4nia \u00e9 de fundo emocional e Janu\u00e1rio responsabiliza In\u00e1cio.<\/p>\n<p>Z\u00f3io-Furado conta para \u00darsula o motivo pelo qual Herculano quis proteger a identidade de A\u00e7ucena para o rei. Setembrino, Quiquiqui e C\u00edcero saem para procurar Jesu\u00edno e Dora decide ir com eles. Nidinho v\u00ea um homem misterioso na igreja e tenta falar com ele. Todos procuram por Jesu\u00edno na mata. Augusto beija Ces\u00e1ria. S\u00e9rgio cuida de In\u00e1cio e comenta sobre o estado de Ant\u00f4nia. \u00darsula conta para Nicolau o que descobriu sobre a princesa. Dora cai no buraco em que Jesu\u00edno est\u00e1.<\/p>\n<p>(*) edi\u00e7\u00e3o da Rede Globo, Novela \u201cCordel Encantado\u201d, sujeito a altera\u00e7\u00e3o de data e conte\u00fado.<\/p>\n<p>Sinopse \u201cCordel Encantado\u201d: Vendo o marido muito ferido, depois de mais uma terr\u00edvel batalha, a rainha Helena (Mariana Lima) vai ao castelo inimigo amaldi\u00e7oar toda a fam\u00edlia do rei Augusto. Faz isso gr\u00e1vida de In\u00e1cio (Maur\u00edcio Destri) e acompanhada de seu filho mais velho, Felipe (Jayme Matarazzo). O monarca se comove com a dor de Helena e, por sugest\u00e3o de Cristina, prop\u00f5e um acordo a Teobaldo, ferido mortalmente: seus primog\u00eanitos Aurora e Felipe devem se casar quando atingirem a maior idade, unificando e trazendo paz aos dois estados. Teobaldo aceita o acordo e morre logo depois. As duas crian\u00e7as s\u00e3o apresentadas publicamente como os futuros reis de Ser\u00e1fia.<\/p>\n<p>Seguindo a interpreta\u00e7\u00e3o on\u00edrica feita por Amadeus, uma longa viagem come\u00e7a a ser planejada. Zen\u00f3bio Alfredo (Guilherme Fontes), bot\u00e2nico de Ser\u00e1fia do Norte, que estava no Brasil envolvido com pesquisas cient\u00edficas, traz ao rei not\u00edcias de um tesouro, escondido em terras tropicais pelo fundador do reino, Dom Serafim. O bot\u00e2nico sugere que o rei financie uma expedi\u00e7\u00e3o a Brogod\u00f3, e Augusto, amante das ci\u00eancias e das aventuras, n\u00e3o s\u00f3 concorda com a ideia como faz quest\u00e3o de liderar a empreitada. O rei s\u00f3 n\u00e3o contava que sua esposa, a rainha Cristina, resolveria acompanh\u00e1-lo, levando consigo a pequena Aurora.<\/p>\n","protected":false},"excerpt":{"rendered":"<p>Resumo novela \u201cCordel Encantado\u201d 30\/01 : no cap\u00edtulo 012(*) da novela, resumo de quarta-feira, 30 de janeiro, Jesu\u00edno tenta sair do buraco, mas acaba desmaiando. Janu\u00e1rio manda Lilica chamar um m\u00e9dico para cuidar de Ant\u00f4nia. Efig\u00eania se preocupa com o estado de In\u00e1cio. Z\u00f3io-Furado diz que vai levar \u00darsula at\u00e9 a princesa. Lilica chega com [&hellip;]<\/p>\n","protected":false},"author":4,"featured_media":165215,"comment_status":"open","ping_status":"closed","sticky":false,"template":"","format":"standard","meta":{"tdm_status":"","tdm_grid_status":"","footnotes":""},"categories":[535,379,375,343],"tags":[441],"class_list":{"0":"post-167455","1":"post","2":"type-post","3":"status-publish","4":"format-standard","5":"has-post-thumbnail","7":"category-cordel-encantado","8":"category-novelas","9":"category-rede-globo","10":"category-televisao","11":"tag-resumo-do-dia"},"_links":{"self":[{"href":"https:\/\/migracao.redenoticia.com.br\/noticia\/wp-json\/wp\/v2\/posts\/167455","targetHints":{"allow":["GET"]}}],"collection":[{"href":"https:\/\/migracao.redenoticia.com.br\/noticia\/wp-json\/wp\/v2\/posts"}],"about":[{"href":"https:\/\/migracao.redenoticia.com.br\/noticia\/wp-json\/wp\/v2\/types\/post"}],"author":[{"embeddable":true,"href":"https:\/\/migracao.redenoticia.com.br\/noticia\/wp-json\/wp\/v2\/users\/4"}],"replies":[{"embeddable":true,"href":"https:\/\/migracao.redenoticia.com.br\/noticia\/wp-json\/wp\/v2\/comments?post=167455"}],"version-history":[{"count":0,"href":"https:\/\/migracao.redenoticia.com.br\/noticia\/wp-json\/wp\/v2\/posts\/167455\/revisions"}],"wp:featuredmedia":[{"embeddable":true,"href":"https:\/\/migracao.redenoticia.com.br\/noticia\/wp-json\/wp\/v2\/media\/165215"}],"wp:attachment":[{"href":"https:\/\/migracao.redenoticia.com.br\/noticia\/wp-json\/wp\/v2\/media?parent=167455"}],"wp:term":[{"taxonomy":"category","embeddable":true,"href":"https:\/\/migracao.redenoticia.com.br\/noticia\/wp-json\/wp\/v2\/categories?post=167455"},{"taxonomy":"post_tag","embeddable":true,"href":"https:\/\/migracao.redenoticia.com.br\/noticia\/wp-json\/wp\/v2\/tags?post=167455"}],"curies":[{"name":"wp","href":"https:\/\/api.w.org\/{rel}","templated":true}]}}