{"id":1675,"date":"2009-05-15T22:50:01","date_gmt":"2009-05-16T02:50:01","guid":{"rendered":"http:\/\/www.redenoticia.com.br\/noticia\/?p=1675"},"modified":"2009-05-15T22:50:01","modified_gmt":"2009-05-16T02:50:01","slug":"abertas-as-inscricoes-para-o-conselho-estadual-de-saude","status":"publish","type":"post","link":"https:\/\/migracao.redenoticia.com.br\/noticia\/2009\/abertas-as-inscricoes-para-o-conselho-estadual-de-saude\/1675","title":{"rendered":"Abertas as inscri\u00e7\u00f5es para o Conselho Estadual de Sa\u00fade"},"content":{"rendered":"<p align=\"justify\"><span style=\"font-family: Arial; font-size: small;\">O secret\u00e1rio de Estado da Sa\u00fade de Rond\u00f4nia (Sesau) convida entidades representativas para compor o Conselho Estadual de Sa\u00fade (CES). A meta \u00e9 ampliar a abrang\u00eancia de atua\u00e7\u00e3o do conselho e a participa\u00e7\u00e3o dos conselheiros. O CES \u00e9 formado por 14 institui\u00e7\u00f5es e tem como objetivo o controle social nas pol\u00edticas p\u00fablicas de sa\u00fade. A composi\u00e7\u00e3o envolve segmentos, que representam usu\u00e1rios, trabalhadores e governo, ligados ao Sistema \u00danico de Sa\u00fade (SUS). As inscri\u00e7\u00f5es para composi\u00e7\u00e3o do conselho seguem at\u00e9 o pr\u00f3ximo dia 21 de maio. \u201cEstamos convidando o maior n\u00famero de institui\u00e7\u00f5es e entidades ligadas ao sistema de sa\u00fade. Nossa inten\u00e7\u00e3o \u00e9 aumentar a representatividade social e tamb\u00e9m o campo de atua\u00e7\u00e3o. Buscamos entidades com alcance estadual. Outro ponto importante \u00e9 a rotatividade de conselheiros, possibilitando assim, que mais pessoas possam participar da constru\u00e7\u00e3o de um sistema de sa\u00fade ideal. O conselho \u00e9 um instrumento que fortalece e solidifica o Sistema \u00danico de Sa\u00fade\u201d, explicou Milton Moreira, secret\u00e1rio de Estado da Sa\u00fade.<\/span><\/p>\n<p align=\"justify\"><span style=\"font-family: Arial; font-size: small;\">O Conselho Estadual de Sa\u00fade \u00e9 formado por tr\u00eas esferas, 50% por entidades representantes dos usu\u00e1rios do SUS, 25% representantes dos trabalhadores em sa\u00fade p\u00fablica e 25% por entidades governamentais e prestadores de servi\u00e7o em sa\u00fade. A composi\u00e7\u00e3o \u00e9 feita por institui\u00e7\u00f5es de abrang\u00eancia estadual como: sindicatos de trabalhadores em sa\u00fade, conselhos profissionais, associa\u00e7\u00f5es ligadas \u00e0 sa\u00fade, entidades religiosas, governo estadual e federal e prestadores de servi\u00e7os do SUS. Cada entidade participante indica dois conselheiros, um titular e outro suplente.<\/span>\u00a0<\/p>\n<p align=\"justify\"><span style=\"font-family: Arial; font-size: small;\"><strong>Entidades com sede em Rond\u00f4nia e abrang\u00eancia estadual<\/strong><\/span><\/p>\n<p align=\"justify\"><span style=\"font-family: Arial; font-size: small;\">Para participar do processo seletivo para composi\u00e7\u00e3o do CES as entidades interessadas devem apresentar documentos da institui\u00e7\u00e3o e dos representantes indicados. Para inscri\u00e7\u00e3o \u00e9 necess\u00e1rio documentos como: requerimento de inscri\u00e7\u00e3o, c\u00f3pia do estatuto e ata indicando a diretoria atual, comprovantes de endere\u00e7o e certid\u00f5es negativas. Cada entidade poder\u00e1 se inscrever a um segmento representativo. \u201cOutro ponto determinante \u00e9 o tempo de exist\u00eancia. \u00c9 requisito que a entidade seja legalmente constitu\u00edda e com no m\u00ednimo dois anos de atua\u00e7\u00e3o, ter sede em Rond\u00f4nia e abrang\u00eancia estadual\u201d completou Heinz Holand Jakob, presidente da comiss\u00e3o de processo seletivo.<\/span><\/p>\n<p align=\"justify\"><span style=\"font-family: Arial; font-size: small;\">As inscri\u00e7\u00f5es para o processo seletivo podem ser feitas at\u00e9 o pr\u00f3ximo dia 21, das 8h00 as 12h00 na sede da Sesau, na Rua Gon\u00e7alves Dias, n\u00b0 812, Bairro Olaria, em Porto Velho. Maiores informa\u00e7\u00f5es tamb\u00e9m podem ser obtidas pelo telefone 3216-7353. O edital de sele\u00e7\u00e3o e ficha de inscri\u00e7\u00e3o pode ser obtido no site:\u00a0<\/span><span style=\"font-family: Arial; color: #002060; font-size: small;\"><span style=\"text-decoration: underline;\"><a href=\"http:\/\/www.sesau.ro.gov.br\/\" target=\"_blank\">www.sesau.ro.gov.br<\/a><\/span>.<\/span><span style=\"font-family: Arial; font-size: small;\">\u00a0A divulga\u00e7\u00e3o do resultado final acontece no dia 25 de maio.<\/span><\/p>\n","protected":false},"excerpt":{"rendered":"<p>O secret\u00e1rio de Estado da Sa\u00fade de Rond\u00f4nia (Sesau) convida entidades representativas para compor o Conselho Estadual de Sa\u00fade (CES). A meta \u00e9 ampliar a abrang\u00eancia de atua\u00e7\u00e3o do conselho e a participa\u00e7\u00e3o dos conselheiros. O CES \u00e9 formado por 14 institui\u00e7\u00f5es e tem como objetivo o controle social nas pol\u00edticas p\u00fablicas de sa\u00fade. A [&hellip;]<\/p>\n","protected":false},"author":2,"featured_media":0,"comment_status":"open","ping_status":"open","sticky":false,"template":"","format":"standard","meta":{"tdm_status":"","tdm_grid_status":"","footnotes":""},"categories":[5],"tags":[],"class_list":{"0":"post-1675","1":"post","2":"type-post","3":"status-publish","4":"format-standard","6":"category-saude-e-vida"},"_links":{"self":[{"href":"https:\/\/migracao.redenoticia.com.br\/noticia\/wp-json\/wp\/v2\/posts\/1675","targetHints":{"allow":["GET"]}}],"collection":[{"href":"https:\/\/migracao.redenoticia.com.br\/noticia\/wp-json\/wp\/v2\/posts"}],"about":[{"href":"https:\/\/migracao.redenoticia.com.br\/noticia\/wp-json\/wp\/v2\/types\/post"}],"author":[{"embeddable":true,"href":"https:\/\/migracao.redenoticia.com.br\/noticia\/wp-json\/wp\/v2\/users\/2"}],"replies":[{"embeddable":true,"href":"https:\/\/migracao.redenoticia.com.br\/noticia\/wp-json\/wp\/v2\/comments?post=1675"}],"version-history":[{"count":0,"href":"https:\/\/migracao.redenoticia.com.br\/noticia\/wp-json\/wp\/v2\/posts\/1675\/revisions"}],"wp:attachment":[{"href":"https:\/\/migracao.redenoticia.com.br\/noticia\/wp-json\/wp\/v2\/media?parent=1675"}],"wp:term":[{"taxonomy":"category","embeddable":true,"href":"https:\/\/migracao.redenoticia.com.br\/noticia\/wp-json\/wp\/v2\/categories?post=1675"},{"taxonomy":"post_tag","embeddable":true,"href":"https:\/\/migracao.redenoticia.com.br\/noticia\/wp-json\/wp\/v2\/tags?post=1675"}],"curies":[{"name":"wp","href":"https:\/\/api.w.org\/{rel}","templated":true}]}}