{"id":167594,"date":"2019-01-30T15:43:12","date_gmt":"2019-01-30T17:43:12","guid":{"rendered":"https:\/\/www.redenoticia.com.br\/noticia\/?p=167594"},"modified":"2019-01-31T14:37:19","modified_gmt":"2019-01-31T16:37:19","slug":"resumo-novela-cordel-encantado-31-01-coronel-januario-morre","status":"publish","type":"post","link":"https:\/\/migracao.redenoticia.com.br\/noticia\/2019\/resumo-novela-cordel-encantado-31-01-coronel-januario-morre\/167594","title":{"rendered":"Resumo novela \u201cCordel Encantado\u201d 31\/01: Coronel Janu\u00e1rio morre"},"content":{"rendered":"<p><img loading=\"lazy\" decoding=\"async\" class=\"aligncenter size-large wp-image-165214\" src=\"https:\/\/migracao.redenoticia.com.br\/noticia\/imagens\/cordel-004-319x300.jpg\" alt=\"\" width=\"319\" height=\"300\" srcset=\"https:\/\/migracao.redenoticia.com.br\/noticia\/imagens\/cordel-004-319x300.jpg 319w, https:\/\/migracao.redenoticia.com.br\/noticia\/imagens\/cordel-004-199x187.jpg 199w, https:\/\/migracao.redenoticia.com.br\/noticia\/imagens\/cordel-004-150x141.jpg 150w, https:\/\/migracao.redenoticia.com.br\/noticia\/imagens\/cordel-004.jpg 669w, https:\/\/migracao.redenoticia.com.br\/noticia\/imagens\/cordel-004-560x527.jpg 560w\" sizes=\"auto, (max-width: 319px) 100vw, 319px\" \/><strong><em>Resumo novela \u201cCordel Encantado\u201d 31\/01 <\/em><\/strong>: no cap\u00edtulo 013(*) da novela, resumo de quinta-feira, 31 de janeiro, Janu\u00e1rio implora a Herculano pela vida do filho. Tim\u00f3teo dirige, nervoso, com Carlota, \u00darsula e Nicolau a bordo. Jesu\u00edno afirma que vai acertar suas contas com Tim\u00f3teo e A\u00e7ucena e Benvinda ficam preocupadas. Felipe se oferece para acompanhar Dora e visitar Jesu\u00edno. Pat\u00e1cio convida Augusto para inaugurar o gerador da cidade. Carlota insiste para que Tim\u00f3teo fale com sua m\u00e3e e pe\u00e7a sua m\u00e3o em casamento. Herculano afirma para Janu\u00e1rio que n\u00e3o vai fazer nada contra Tim\u00f3teo, contanto que ele deixe Jesu\u00edno em paz. Padre Joaquim tenta acalmar Virtuosa e afirma que ningu\u00e9m da corte ver\u00e1 A\u00e7ucena. Dora pede para ser amiga de Jesu\u00edno. Tim\u00f3teo fica nervoso com a insist\u00eancia de Carlota.<\/p>\n<p>\u00darsula fala para Nicolau que eles precisam acabar com A\u00e7ucena antes de voltar para Ser\u00e1fia. Virtuosa entra em p\u00e2nico ao ver o pr\u00edncipe Felipe se aproximar de A\u00e7ucena e inventa uma desculpa para levar a filha embora. Nidinho leva comida para o homem misterioso e lhe entrega um papel com l\u00e1pis. Salim fala com Bartira que viu o pai em Brogod\u00f3, mas que ele fugiu. Farid se preocupa com o filho e decide viajar. Tim\u00f3teo conta para Fausto que Herculano foi \u00e0 sua casa para se vingar. Janu\u00e1rio amanhece mal e manda Lilica chamar seu filho e seu afilhado para falar com eles. Coronel Janu\u00e1rio morre depois de pedir que Tim\u00f3teo e Jesu\u00edno fa\u00e7am as pazes.<\/p>\n<p>(*) edi\u00e7\u00e3o da Rede Globo, Novela \u201cCordel Encantado\u201d, sujeito a altera\u00e7\u00e3o de data e conte\u00fado.<\/p>\n<p>Sinopse \u201cCordel Encantado\u201d: Vendo o marido muito ferido, depois de mais uma terr\u00edvel batalha, a rainha Helena (Mariana Lima) vai ao castelo inimigo amaldi\u00e7oar toda a fam\u00edlia do rei Augusto. Faz isso gr\u00e1vida de In\u00e1cio (Maur\u00edcio Destri) e acompanhada de seu filho mais velho, Felipe (Jayme Matarazzo). O monarca se comove com a dor de Helena e, por sugest\u00e3o de Cristina, prop\u00f5e um acordo a Teobaldo, ferido mortalmente: seus primog\u00eanitos Aurora e Felipe devem se casar quando atingirem a maior idade, unificando e trazendo paz aos dois estados. Teobaldo aceita o acordo e morre logo depois. As duas crian\u00e7as s\u00e3o apresentadas publicamente como os futuros reis de Ser\u00e1fia.<\/p>\n<p>Seguindo a interpreta\u00e7\u00e3o on\u00edrica feita por Amadeus, uma longa viagem come\u00e7a a ser planejada. Zen\u00f3bio Alfredo (Guilherme Fontes), bot\u00e2nico de Ser\u00e1fia do Norte, que estava no Brasil envolvido com pesquisas cient\u00edficas, traz ao rei not\u00edcias de um tesouro, escondido em terras tropicais pelo fundador do reino, Dom Serafim. O bot\u00e2nico sugere que o rei financie uma expedi\u00e7\u00e3o a Brogod\u00f3, e Augusto, amante das ci\u00eancias e das aventuras, n\u00e3o s\u00f3 concorda com a ideia como faz quest\u00e3o de liderar a empreitada. O rei s\u00f3 n\u00e3o contava que sua esposa, a rainha Cristina, resolveria acompanh\u00e1-lo, levando consigo a pequena Aurora.<\/p>\n","protected":false},"excerpt":{"rendered":"<p>Resumo novela \u201cCordel Encantado\u201d 31\/01 : no cap\u00edtulo 013(*) da novela, resumo de quinta-feira, 31 de janeiro, Janu\u00e1rio implora a Herculano pela vida do filho. Tim\u00f3teo dirige, nervoso, com Carlota, \u00darsula e Nicolau a bordo. Jesu\u00edno afirma que vai acertar suas contas com Tim\u00f3teo e A\u00e7ucena e Benvinda ficam preocupadas. Felipe se oferece para acompanhar [&hellip;]<\/p>\n","protected":false},"author":4,"featured_media":165215,"comment_status":"open","ping_status":"closed","sticky":false,"template":"","format":"standard","meta":{"tdm_status":"","tdm_grid_status":"","footnotes":""},"categories":[535,379,375,343],"tags":[441],"class_list":{"0":"post-167594","1":"post","2":"type-post","3":"status-publish","4":"format-standard","5":"has-post-thumbnail","7":"category-cordel-encantado","8":"category-novelas","9":"category-rede-globo","10":"category-televisao","11":"tag-resumo-do-dia"},"_links":{"self":[{"href":"https:\/\/migracao.redenoticia.com.br\/noticia\/wp-json\/wp\/v2\/posts\/167594","targetHints":{"allow":["GET"]}}],"collection":[{"href":"https:\/\/migracao.redenoticia.com.br\/noticia\/wp-json\/wp\/v2\/posts"}],"about":[{"href":"https:\/\/migracao.redenoticia.com.br\/noticia\/wp-json\/wp\/v2\/types\/post"}],"author":[{"embeddable":true,"href":"https:\/\/migracao.redenoticia.com.br\/noticia\/wp-json\/wp\/v2\/users\/4"}],"replies":[{"embeddable":true,"href":"https:\/\/migracao.redenoticia.com.br\/noticia\/wp-json\/wp\/v2\/comments?post=167594"}],"version-history":[{"count":0,"href":"https:\/\/migracao.redenoticia.com.br\/noticia\/wp-json\/wp\/v2\/posts\/167594\/revisions"}],"wp:featuredmedia":[{"embeddable":true,"href":"https:\/\/migracao.redenoticia.com.br\/noticia\/wp-json\/wp\/v2\/media\/165215"}],"wp:attachment":[{"href":"https:\/\/migracao.redenoticia.com.br\/noticia\/wp-json\/wp\/v2\/media?parent=167594"}],"wp:term":[{"taxonomy":"category","embeddable":true,"href":"https:\/\/migracao.redenoticia.com.br\/noticia\/wp-json\/wp\/v2\/categories?post=167594"},{"taxonomy":"post_tag","embeddable":true,"href":"https:\/\/migracao.redenoticia.com.br\/noticia\/wp-json\/wp\/v2\/tags?post=167594"}],"curies":[{"name":"wp","href":"https:\/\/api.w.org\/{rel}","templated":true}]}}