{"id":1676,"date":"2009-05-15T22:52:06","date_gmt":"2009-05-16T02:52:06","guid":{"rendered":"http:\/\/www.redenoticia.com.br\/noticia\/?p=1676"},"modified":"2009-06-29T23:08:42","modified_gmt":"2009-06-30T03:08:42","slug":"programacao-da-2%c2%aa-semana-da-enfermagem-em-ji-parana","status":"publish","type":"post","link":"https:\/\/migracao.redenoticia.com.br\/noticia\/2009\/programacao-da-2%c2%aa-semana-da-enfermagem-em-ji-parana\/1676","title":{"rendered":"Programa\u00e7\u00e3o da 2\u00aa semana da enfermagem em Ji-Paran\u00e1"},"content":{"rendered":"<p><span style=\"font-family: Arial; font-size: medium;\">\u201cEnfermagem: responsabilidade coletiva no cuidado \u00e0 sa\u00fade\u201d<\/span><\/p>\n<p><span style=\"font-family: Arial; font-size: medium;\"><em>Data: 18 a 22 de maio &#8211;\u00a0<\/em>Local: Audit\u00f3rio do Hospital Municipal<\/span>\u00a0<\/p>\n<p><span style=\"font-family: Arial; font-size: small;\"><strong>PROGRAMA\u00c7\u00c3O:<\/strong><\/span><\/p>\n<p><span style=\"font-family: Arial; font-size: small;\"><strong><span style=\"text-decoration: underline;\">Segunda-feira 18\/05\/09<\/span><\/strong><\/span><\/p>\n<p><span style=\"font-family: Arial; font-size: small;\">7h &#8211; Credenciamento<\/span><\/p>\n<p><span style=\"font-family: Arial; font-size: small;\">10h \u2013 Abertura oficial<\/span><\/p>\n<p><span style=\"font-family: Arial; font-size: small;\"><strong>MINICURSO 1 (M-1) &#8211;\u00a0<\/strong>8h30 \u00e0s 11h30 e das 13h30 \u00e0s 17h30\u00a0<br \/>\n\u201cAtualiza\u00e7\u00e3o em Vacinas\u201d &#8211; Enf\u00aa\u00a0<\/span><span style=\"font-family: Arial; color: #333333; font-size: small;\">Denise Cheavegatti<\/span><span style=\"font-family: Arial; font-size: small;\">\u00a0(CEULJI\/ULBRA)<\/span><\/p>\n<p><span style=\"font-family: Arial; font-size: small;\"><strong><span style=\"text-decoration: underline;\">Ter\u00e7a-feira 19\/05\/09<\/span><\/strong><\/span><\/p>\n<p><span style=\"font-family: Arial; font-size: small;\"><strong>Palestra (P-1)<\/strong>\u00a0&#8211; 8h \u00e0s 11h30\u00a0<br \/>\n\u201cBiosseguran\u00e7a na \u00c1rea da Sa\u00fade\u201d \u2013 Enf\u00aa Mestre S\u00f4nia Maria Ribeiro (PACS\/JI-PARAN\u00c1)<\/span><\/p>\n<p><span style=\"font-family: Arial; font-size: small;\"><strong>Palestra (P-2)<\/strong>\u00a0&#8211; 13h30 \u00e0s 17h30\u00a0<br \/>\n\u201cCuidados de Enfermagem\u201d \u2013 Enf Especialista Rodrigo H. Sardinha (HCR)<\/span><\/p>\n<p><span style=\"font-family: Arial; font-size: small;\"><strong><span style=\"text-decoration: underline;\">Quarta-feira\u00a0 20\/05\/09<\/span><\/strong><\/span><\/p>\n<p><span style=\"font-family: Arial; font-size: small;\"><strong>MINICURSO 2 (M-2) &#8211;\u00a0<\/strong>8h \u00e0s 11h30 e das 13h30 \u00e0s 17h30\u00a0<br \/>\n\u201cTratamento de Feridas\u201d &#8211; Enf\u00aa Especialista Claudia Aparecida Dias (CEULJI\/ULBRA)<\/span><\/p>\n<p><span style=\"font-family: Arial; font-size: small;\"><strong><span style=\"text-decoration: underline;\">Quinta-feira 21\/05\/09<\/span><\/strong><\/span><\/p>\n<p><span style=\"font-family: Arial; font-size: small;\"><strong>MINICURSO 3 (M-3) &#8211;\u00a0<\/strong>8h \u00e0s 11h30 e das 13h30 \u00e0s 17h30\u00a0<br \/>\n\u201cAtendimento Pr\u00e9 Hospitalar\u201d \u2013 Enf\u00ba Raimundo Dias Feitoza (SAMU\/PVH)<\/span><\/p>\n<p><span style=\"font-family: Arial; font-size: small;\"><strong><span style=\"text-decoration: underline;\">Sexta-feira 22\/05\/09<\/span><\/strong><\/span><\/p>\n<p><span style=\"font-family: Arial; font-size: small;\"><strong>Palestra (P-3)<\/strong>\u00a0&#8211; 08h \u00e0s 11h30\u00a0<br \/>\n\u201cAtualiza\u00e7\u00e3o das Normas Regulamentadoras\u201d \u2013 Enf\u00ba Especialista Diogo do Casal (COREN\/RO)<\/span><\/p>\n<p><span style=\"font-family: Arial; font-size: small;\"><strong>Palestra (P-4)<\/strong>\u00a0&#8211; 13h30min \u00e0s 17h30min \u00a0<br \/>\n\u201cNormas Relacionadas ao Servi\u00e7o da Enfermagem\u201d &#8211; Enf\u00ba Especialista Diogo do Casal (COREN\/RO)<\/span><\/p>\n<p><span style=\"font-family: Arial; font-size: small;\"><span style=\"text-decoration: underline;\">Informa\u00e7\u00f5es:<\/span>\u00a0Enfermeira Aline Lara (8464-1630)<\/span><\/p>\n<ul>\u00a0\u00a0\u00a0\u00a0\u00a0<span style=\"font-family: Arial; font-size: small;\">Enfermeira Marcilene Xavier (8427-6733)<\/span><\/ul>\n","protected":false},"excerpt":{"rendered":"<p>\u201cEnfermagem: responsabilidade coletiva no cuidado \u00e0 sa\u00fade\u201d Data: 18 a 22 de maio &#8211;\u00a0Local: Audit\u00f3rio do Hospital Municipal\u00a0 PROGRAMA\u00c7\u00c3O: Segunda-feira 18\/05\/09 7h &#8211; Credenciamento 10h \u2013 Abertura oficial MINICURSO 1 (M-1) &#8211;\u00a08h30 \u00e0s 11h30 e das 13h30 \u00e0s 17h30\u00a0 \u201cAtualiza\u00e7\u00e3o em Vacinas\u201d &#8211; Enf\u00aa\u00a0Denise Cheavegatti\u00a0(CEULJI\/ULBRA) Ter\u00e7a-feira 19\/05\/09 Palestra (P-1)\u00a0&#8211; 8h \u00e0s 11h30\u00a0 \u201cBiosseguran\u00e7a na \u00c1rea [&hellip;]<\/p>\n","protected":false},"author":2,"featured_media":0,"comment_status":"open","ping_status":"open","sticky":false,"template":"","format":"standard","meta":{"tdm_status":"","tdm_grid_status":"","footnotes":""},"categories":[5],"tags":[],"class_list":{"0":"post-1676","1":"post","2":"type-post","3":"status-publish","4":"format-standard","6":"category-saude-e-vida"},"_links":{"self":[{"href":"https:\/\/migracao.redenoticia.com.br\/noticia\/wp-json\/wp\/v2\/posts\/1676","targetHints":{"allow":["GET"]}}],"collection":[{"href":"https:\/\/migracao.redenoticia.com.br\/noticia\/wp-json\/wp\/v2\/posts"}],"about":[{"href":"https:\/\/migracao.redenoticia.com.br\/noticia\/wp-json\/wp\/v2\/types\/post"}],"author":[{"embeddable":true,"href":"https:\/\/migracao.redenoticia.com.br\/noticia\/wp-json\/wp\/v2\/users\/2"}],"replies":[{"embeddable":true,"href":"https:\/\/migracao.redenoticia.com.br\/noticia\/wp-json\/wp\/v2\/comments?post=1676"}],"version-history":[{"count":0,"href":"https:\/\/migracao.redenoticia.com.br\/noticia\/wp-json\/wp\/v2\/posts\/1676\/revisions"}],"wp:attachment":[{"href":"https:\/\/migracao.redenoticia.com.br\/noticia\/wp-json\/wp\/v2\/media?parent=1676"}],"wp:term":[{"taxonomy":"category","embeddable":true,"href":"https:\/\/migracao.redenoticia.com.br\/noticia\/wp-json\/wp\/v2\/categories?post=1676"},{"taxonomy":"post_tag","embeddable":true,"href":"https:\/\/migracao.redenoticia.com.br\/noticia\/wp-json\/wp\/v2\/tags?post=1676"}],"curies":[{"name":"wp","href":"https:\/\/api.w.org\/{rel}","templated":true}]}}