{"id":167716,"date":"2019-01-31T14:00:58","date_gmt":"2019-01-31T16:00:58","guid":{"rendered":"https:\/\/www.redenoticia.com.br\/noticia\/?p=167716"},"modified":"2019-01-31T14:56:31","modified_gmt":"2019-01-31T16:56:31","slug":"resumo-novela-cordel-encantado-01-02-felipe-conta-para-efigenia-que-viu-a-princesa","status":"publish","type":"post","link":"https:\/\/migracao.redenoticia.com.br\/noticia\/2019\/resumo-novela-cordel-encantado-01-02-felipe-conta-para-efigenia-que-viu-a-princesa\/167716","title":{"rendered":"Resumo novela \u201cCordel Encantado\u201d 01\/02: Felipe conta que viu a princesa"},"content":{"rendered":"<p><img loading=\"lazy\" decoding=\"async\" class=\"aligncenter size-large wp-image-165214\" src=\"https:\/\/migracao.redenoticia.com.br\/noticia\/imagens\/cordel-004-319x300.jpg\" alt=\"\" width=\"319\" height=\"300\" srcset=\"https:\/\/migracao.redenoticia.com.br\/noticia\/imagens\/cordel-004-319x300.jpg 319w, https:\/\/migracao.redenoticia.com.br\/noticia\/imagens\/cordel-004-199x187.jpg 199w, https:\/\/migracao.redenoticia.com.br\/noticia\/imagens\/cordel-004-150x141.jpg 150w, https:\/\/migracao.redenoticia.com.br\/noticia\/imagens\/cordel-004.jpg 669w, https:\/\/migracao.redenoticia.com.br\/noticia\/imagens\/cordel-004-560x527.jpg 560w\" sizes=\"auto, (max-width: 319px) 100vw, 319px\" \/><strong><em>Resumo novela \u201cCordel Encantado\u201d 01\/02 <\/em><\/strong>: no cap\u00edtulo 014(*) da novela, resumo de sexta-feira, 01 de fevereiro, \u00darsula fica aflita com a insist\u00eancia de Felipe em querer levar Augusto at\u00e9 a casa de A\u00e7ucena. Ant\u00f4nia aceita fugir com C\u00edcero. A\u00e7ucena teme n\u00e3o se mudar mais para Vila da Cruz com Jesu\u00edno. Felipe conta para Efig\u00eania que viu a princesa. Dora acredita que Jesu\u00edno sente alguma coisa por ela. Jesu\u00edno se revolta quando Benvinda lhe conta a verdade sobre sua vida. Petrus tem um pesadelo e bate com a cabe\u00e7a na parede. Nidinho inventa uma hist\u00f3ria para impedir Setembrino e Quiquiqui de ir ao s\u00f3t\u00e3o.<\/p>\n<p>Carlota conta a Dora que vai se casar com Tim\u00f3teo. \u00darsula obriga Nicolau a colocar um son\u00edfero no ch\u00e1 servido para a corte. Herculano afirma para C\u00e2ndida que seu filho seguir\u00e1 o canga\u00e7o. \u00darsula e Nicolau seguem a carro\u00e7a de Jesu\u00edno e A\u00e7ucena at\u00e9 Vila da Cruz. Miguezim pergunta se Jesu\u00edno \u00e9 rei e ele fica atordoado ao se lembrar de Herculano. Zen\u00f3bio conta para os filhos a hist\u00f3ria do homem da m\u00e1scara de ferro. Felipe e o rei chegam tarde \u00e0 casa de Euz\u00e9bio e descobrem que a fam\u00edlia se mudou.<\/p>\n<p>(*) edi\u00e7\u00e3o da Rede Globo, Novela \u201cCordel Encantado\u201d, sujeito a altera\u00e7\u00e3o de data e conte\u00fado.<\/p>\n<p>Sinopse \u201cCordel Encantado\u201d: Vendo o marido muito ferido, depois de mais uma terr\u00edvel batalha, a rainha Helena (Mariana Lima) vai ao castelo inimigo amaldi\u00e7oar toda a fam\u00edlia do rei Augusto. Faz isso gr\u00e1vida de In\u00e1cio (Maur\u00edcio Destri) e acompanhada de seu filho mais velho, Felipe (Jayme Matarazzo). O monarca se comove com a dor de Helena e, por sugest\u00e3o de Cristina, prop\u00f5e um acordo a Teobaldo, ferido mortalmente: seus primog\u00eanitos Aurora e Felipe devem se casar quando atingirem a maior idade, unificando e trazendo paz aos dois estados. Teobaldo aceita o acordo e morre logo depois. As duas crian\u00e7as s\u00e3o apresentadas publicamente como os futuros reis de Ser\u00e1fia.<\/p>\n<p>Seguindo a interpreta\u00e7\u00e3o on\u00edrica feita por Amadeus, uma longa viagem come\u00e7a a ser planejada. Zen\u00f3bio Alfredo (Guilherme Fontes), bot\u00e2nico de Ser\u00e1fia do Norte, que estava no Brasil envolvido com pesquisas cient\u00edficas, traz ao rei not\u00edcias de um tesouro, escondido em terras tropicais pelo fundador do reino, Dom Serafim. O bot\u00e2nico sugere que o rei financie uma expedi\u00e7\u00e3o a Brogod\u00f3, e Augusto, amante das ci\u00eancias e das aventuras, n\u00e3o s\u00f3 concorda com a ideia como faz quest\u00e3o de liderar a empreitada. O rei s\u00f3 n\u00e3o contava que sua esposa, a rainha Cristina, resolveria acompanh\u00e1-lo, levando consigo a pequena Aurora.<\/p>\n","protected":false},"excerpt":{"rendered":"<p>Resumo novela \u201cCordel Encantado\u201d 01\/02 : no cap\u00edtulo 014(*) da novela, resumo de sexta-feira, 01 de fevereiro, \u00darsula fica aflita com a insist\u00eancia de Felipe em querer levar Augusto at\u00e9 a casa de A\u00e7ucena. Ant\u00f4nia aceita fugir com C\u00edcero. A\u00e7ucena teme n\u00e3o se mudar mais para Vila da Cruz com Jesu\u00edno. Felipe conta para Efig\u00eania [&hellip;]<\/p>\n","protected":false},"author":4,"featured_media":165215,"comment_status":"open","ping_status":"closed","sticky":false,"template":"","format":"standard","meta":{"tdm_status":"","tdm_grid_status":"","footnotes":""},"categories":[535,379,375,343],"tags":[441],"class_list":{"0":"post-167716","1":"post","2":"type-post","3":"status-publish","4":"format-standard","5":"has-post-thumbnail","7":"category-cordel-encantado","8":"category-novelas","9":"category-rede-globo","10":"category-televisao","11":"tag-resumo-do-dia"},"_links":{"self":[{"href":"https:\/\/migracao.redenoticia.com.br\/noticia\/wp-json\/wp\/v2\/posts\/167716","targetHints":{"allow":["GET"]}}],"collection":[{"href":"https:\/\/migracao.redenoticia.com.br\/noticia\/wp-json\/wp\/v2\/posts"}],"about":[{"href":"https:\/\/migracao.redenoticia.com.br\/noticia\/wp-json\/wp\/v2\/types\/post"}],"author":[{"embeddable":true,"href":"https:\/\/migracao.redenoticia.com.br\/noticia\/wp-json\/wp\/v2\/users\/4"}],"replies":[{"embeddable":true,"href":"https:\/\/migracao.redenoticia.com.br\/noticia\/wp-json\/wp\/v2\/comments?post=167716"}],"version-history":[{"count":0,"href":"https:\/\/migracao.redenoticia.com.br\/noticia\/wp-json\/wp\/v2\/posts\/167716\/revisions"}],"wp:featuredmedia":[{"embeddable":true,"href":"https:\/\/migracao.redenoticia.com.br\/noticia\/wp-json\/wp\/v2\/media\/165215"}],"wp:attachment":[{"href":"https:\/\/migracao.redenoticia.com.br\/noticia\/wp-json\/wp\/v2\/media?parent=167716"}],"wp:term":[{"taxonomy":"category","embeddable":true,"href":"https:\/\/migracao.redenoticia.com.br\/noticia\/wp-json\/wp\/v2\/categories?post=167716"},{"taxonomy":"post_tag","embeddable":true,"href":"https:\/\/migracao.redenoticia.com.br\/noticia\/wp-json\/wp\/v2\/tags?post=167716"}],"curies":[{"name":"wp","href":"https:\/\/api.w.org\/{rel}","templated":true}]}}