{"id":167724,"date":"2019-01-31T14:31:26","date_gmt":"2019-01-31T16:31:26","guid":{"rendered":"https:\/\/www.redenoticia.com.br\/noticia\/?p=167724"},"modified":"2019-01-31T14:31:28","modified_gmt":"2019-01-31T16:31:28","slug":"novela-cordel-encantado-acucena-fica-chocada-ao-saber-que-e-princesa","status":"publish","type":"post","link":"https:\/\/migracao.redenoticia.com.br\/noticia\/2019\/novela-cordel-encantado-acucena-fica-chocada-ao-saber-que-e-princesa\/167724","title":{"rendered":"Novela &#8220;Cordel Encantado&#8221;: A\u00e7ucena fica chocada ao saber que \u00e9 princesa"},"content":{"rendered":"<p><strong><em><img loading=\"lazy\" decoding=\"async\" class=\"aligncenter size-large wp-image-165215\" src=\"https:\/\/migracao.redenoticia.com.br\/noticia\/imagens\/cordel-003-400x300.jpg\" alt=\"\" width=\"400\" height=\"300\" srcset=\"https:\/\/migracao.redenoticia.com.br\/noticia\/imagens\/cordel-003-400x300.jpg 400w, https:\/\/migracao.redenoticia.com.br\/noticia\/imagens\/cordel-003-250x187.jpg 250w, https:\/\/migracao.redenoticia.com.br\/noticia\/imagens\/cordel-003-150x113.jpg 150w, https:\/\/migracao.redenoticia.com.br\/noticia\/imagens\/cordel-003-265x198.jpg 265w, https:\/\/migracao.redenoticia.com.br\/noticia\/imagens\/cordel-003.jpg 480w\" sizes=\"auto, (max-width: 400px) 100vw, 400px\" \/>Novela &#8220;Cordel Encantado&#8221;:<\/em><\/strong> \u00darsula (D\u00e9bora Bloch) tenta matar A\u00e7ucena (Bianca Bin) e procura o caminho de volta com Nicolau (Luiz Fernando Guimar\u00e3es). Eles se deparam com Tibungo (Land Vieira) e Tim\u00f3teo (Bruno Gagliasso), a duquesa diz que foi atacada por cangaceiros e conta sobre o acidente. Tim\u00f3teo vai \u00e0 procura da jovem e encontra Farid (Mouhamed Harfouch) tentando socorrer A\u00e7ucena. Eles a levam para a fazenda, onde poder\u00e1 ser medicada.<\/p>\n<p>Virtuosa (Ana Cec\u00edlia Costa), Euz\u00e9bio (Enrique Diaz) e Jesu\u00edno (Cau\u00e3 Reymond) ajudam a levar A\u00e7ucena para o quarto. O noivo da mo\u00e7a acusa Tim\u00f3teo: \u201cVoc\u00ea fez alguma coisa com ela, n\u00e3o fez? (&#8230;) Sai desse quarto, Tim\u00f3teo! Me deixa aqui com minha noiva\u201d.<\/p>\n<p>Euz\u00e9bio questiona Virtuosa: \u201c\u00c9 pecado deixar que ela morra sem saber a verdade. N\u00f3s n\u00e3o temos esse direito. Tu vai deixar ela morrer (&#8230;) sem saber que \u00e9 filha do rei?\u201d.<\/p>\n<p>Virtuosa conta a verdade para o Rei e A\u00e7ucena (Bianca Bin) descobre que \u00e9 a princesa desaparecida. Ela fica muito confusa com a grande reviravolta em sua vida, mas vai morar no pal\u00e1cio.<\/p>\n<p>Sinopse &#8220;Cordel Encantado&#8221;: Augusto e sua rainha vivem uma vida harmoniosa e feliz, sem imaginar que est\u00e3o cercados por dois vil\u00f5es: \u00darsula (D\u00e9bora Bloch), cunhada do rei, e Nicolau (Luiz Fernando Guimar\u00e3es), o atrapalhado mordomo da corte. A bela, elegante e sofisticada duquesa \u00e9 a pessoa mais perigosa e falsa de todo o reino. Ajudada por Nicolau, seu amante, \u00darsula deseja se tornar rainha. E a viagem a Brogod\u00f3 \u00e9 a chance que a duquesa sempre quis para se livrar de Cristina e da princesa.<\/p>\n<p>A sede de poder da dupla de vil\u00f5es \u00e9 crescente: no Brasil, para onde se muda com a corte europeia, o casal continua a planejar e executar planos para conseguir o que quer. No decorrer da novela, revela-se que Lady Cec\u00edlia (Sofia Terra), que \u00darsula criava como sobrinha, \u00e9 filha da vil\u00e3 com o general Baldini (Em\u00edlio de Mello), militar do ex\u00e9rcito de Ser\u00e1fia do Norte.<\/p>\n<p>Fonte Rede Globo &#8220;Cordel Encantado\u201d<\/p>\n","protected":false},"excerpt":{"rendered":"<p>Novela &#8220;Cordel Encantado&#8221;: \u00darsula (D\u00e9bora Bloch) tenta matar A\u00e7ucena (Bianca Bin) e procura o caminho de volta com Nicolau (Luiz Fernando Guimar\u00e3es). Eles se deparam com Tibungo (Land Vieira) e Tim\u00f3teo (Bruno Gagliasso), a duquesa diz que foi atacada por cangaceiros e conta sobre o acidente. Tim\u00f3teo vai \u00e0 procura da jovem e encontra Farid [&hellip;]<\/p>\n","protected":false},"author":2,"featured_media":165214,"comment_status":"open","ping_status":"closed","sticky":false,"template":"","format":"standard","meta":{"tdm_status":"","tdm_grid_status":"","footnotes":""},"categories":[535,388,379,375,343],"tags":[440],"class_list":{"0":"post-167724","1":"post","2":"type-post","3":"status-publish","4":"format-standard","5":"has-post-thumbnail","7":"category-cordel-encantado","8":"category-destaques","9":"category-novelas","10":"category-rede-globo","11":"category-televisao","12":"tag-noticia-novela"},"_links":{"self":[{"href":"https:\/\/migracao.redenoticia.com.br\/noticia\/wp-json\/wp\/v2\/posts\/167724","targetHints":{"allow":["GET"]}}],"collection":[{"href":"https:\/\/migracao.redenoticia.com.br\/noticia\/wp-json\/wp\/v2\/posts"}],"about":[{"href":"https:\/\/migracao.redenoticia.com.br\/noticia\/wp-json\/wp\/v2\/types\/post"}],"author":[{"embeddable":true,"href":"https:\/\/migracao.redenoticia.com.br\/noticia\/wp-json\/wp\/v2\/users\/2"}],"replies":[{"embeddable":true,"href":"https:\/\/migracao.redenoticia.com.br\/noticia\/wp-json\/wp\/v2\/comments?post=167724"}],"version-history":[{"count":0,"href":"https:\/\/migracao.redenoticia.com.br\/noticia\/wp-json\/wp\/v2\/posts\/167724\/revisions"}],"wp:featuredmedia":[{"embeddable":true,"href":"https:\/\/migracao.redenoticia.com.br\/noticia\/wp-json\/wp\/v2\/media\/165214"}],"wp:attachment":[{"href":"https:\/\/migracao.redenoticia.com.br\/noticia\/wp-json\/wp\/v2\/media?parent=167724"}],"wp:term":[{"taxonomy":"category","embeddable":true,"href":"https:\/\/migracao.redenoticia.com.br\/noticia\/wp-json\/wp\/v2\/categories?post=167724"},{"taxonomy":"post_tag","embeddable":true,"href":"https:\/\/migracao.redenoticia.com.br\/noticia\/wp-json\/wp\/v2\/tags?post=167724"}],"curies":[{"name":"wp","href":"https:\/\/api.w.org\/{rel}","templated":true}]}}