{"id":167797,"date":"2019-02-02T16:40:16","date_gmt":"2019-02-02T18:40:16","guid":{"rendered":"https:\/\/www.redenoticia.com.br\/noticia\/?p=167797"},"modified":"2019-02-08T14:23:11","modified_gmt":"2019-02-08T16:23:11","slug":"enquete-bbb-19-votacao-quem-carolina-deve-indicar-para-o-paredao","status":"publish","type":"post","link":"https:\/\/migracao.redenoticia.com.br\/noticia\/2019\/enquete-bbb-19-votacao-quem-carolina-deve-indicar-para-o-paredao\/167797","title":{"rendered":"Enquete \u201cBBB\u201d 19 vota\u00e7\u00e3o: quem Carolina deve indicar para o pared\u00e3o"},"content":{"rendered":"\n<div class=\"wp-block-image\"><figure class=\"aligncenter\"><img loading=\"lazy\" decoding=\"async\" width=\"400\" height=\"205\" src=\"https:\/\/migracao.redenoticia.com.br\/noticia\/imagens\/BBB-enquete-votacao-400x205.jpg\" alt=\"\" class=\"wp-image-166033\" srcset=\"https:\/\/migracao.redenoticia.com.br\/noticia\/imagens\/BBB-enquete-votacao-400x205.jpg 400w, https:\/\/migracao.redenoticia.com.br\/noticia\/imagens\/BBB-enquete-votacao-250x128.jpg 250w, https:\/\/migracao.redenoticia.com.br\/noticia\/imagens\/BBB-enquete-votacao-768x393.jpg 768w, https:\/\/migracao.redenoticia.com.br\/noticia\/imagens\/BBB-enquete-votacao-696x356.jpg 696w, https:\/\/migracao.redenoticia.com.br\/noticia\/imagens\/BBB-enquete-votacao-150x77.jpg 150w, https:\/\/migracao.redenoticia.com.br\/noticia\/imagens\/BBB-enquete-votacao-560x287.jpg 560w, https:\/\/migracao.redenoticia.com.br\/noticia\/imagens\/BBB-enquete-votacao.jpg 885w\" sizes=\"auto, (max-width: 400px) 100vw, 400px\" \/><\/figure><\/div>\n\n\n<p><strong><em>&#8220;BBB&#8221; 19 enquete (Prova do L\u00edder 31\/01)<\/em><\/strong>: Tiago Leifert avisou sobre a Prova do L\u00edder: o vencedor ganha 1.000 estalecas, imunidade e R$ 2.000,00. A prova exigiu sorte na Dan\u00e7a das Cadeiras.&nbsp;O primeiro eliminado, Alan ganhou o poder especial de indicar algu\u00e9m imediatamente ao&nbsp;Pared\u00e3o, que ser\u00e1 triplo. Ele indicou Hariany para o pared\u00e3o.<\/p>\n<p>Carolina ganhou a lideran\u00e7a.&nbsp; Participe da enquete sobre a indica\u00e7\u00e3o da L\u00edder para o pared\u00e3o.&nbsp;<\/p>\n<p>&nbsp;<script type=\"text\/javascript\" charset=\"utf-8\" data-cfasync=\"false\" src=\"https:\/\/secure.polldaddy.com\/p\/10227935.js\"><\/script><br><noscript><a href=\"https:\/\/poll.fm\/10227935\">Enquete \u201cBBB\u201d 19 vota\u00e7\u00e3o: quem Carolina deve indicar para o pared\u00e3o<\/a><\/noscript><\/p>\n<p>Carolina indicou Hana para o pared\u00e3o.<\/p>\n<p>Se voc\u00ea n\u00e3o est\u00e1 vendo a enquete, clique no link:&nbsp;<a href=\"https:\/\/migracao.redenoticia.com.br\/noticia\/2019\/enquete-bbb-19-votacao-quem-carolina-deve-indicar-para-o-paredao\/167797\">Enquete \u201cBBB\u201d 19 vota\u00e7\u00e3o : quem Carolina deve indicar para o pared\u00e3o<\/a><\/p>\n<p>Destaques&nbsp;<\/p>\n<p><a href=\"https:\/\/migracao.redenoticia.com.br\/noticia\/2019\/bbb-19-votacao-em-hana-hariany-e-rizia-movimenta-a-enquete\/168066\">\u201cBBB\u201d 19: vota\u00e7\u00e3o em Hana, Hariany e R\u00edzia movimentou a enquete<\/a><br><a href=\"https:\/\/migracao.redenoticia.com.br\/noticia\/2019\/diario-bbb-19-provas-de-imunidade-e-super-paredao\/165697\">Di\u00e1rio \u201cBBB\u201d 19<\/a><br><a href=\"https:\/\/migracao.redenoticia.com.br\/noticia\/2019\/bbb-19-enquete-quem-merece-vencer-o-programa\/165063\">\u201cBBB\u201d 19 enquete: quem merece vencer o programa<\/a><br><a href=\"https:\/\/migracao.redenoticia.com.br\/noticia\/2019\/bbb-19-prova-do-anjo-e-castigo-do-monstro\/166973\">&#8220;BBB&#8221; 19: prova do Anjo e Castigo do Monstro<\/a><\/p>\n<p>Perfil dos confinados:<\/p>\n<p>Alan &#8211; empres\u00e1rio e administrador, o brother, de Crici\u00fama (SC), tem 26 anos e \u00e9 considerado mulherengo pela fam\u00edlia.<\/p>\n<p>Carolina &#8211; a baiana tem 33 anos, \u00e9 publicit\u00e1ria e empres\u00e1ria. O seu amuleto \u00e9 dar &#8220;Bom dia&#8221; ao sol.<\/p>\n<p>Danrley &#8211; brother mais jovem da edi\u00e7\u00e3o. O carioca tem 19 anos, cursa Biologia e vende picol\u00e9 na praia nos fins de semana.<\/p>\n<p>Diego &#8211; empres\u00e1rio, campe\u00e3o brasileiro de la\u00e7o e com 30 anos de idade, ele entra na casa solteiro. \u00c9 de Rio Negrinho, Santa Catarina. NUNCA fez dieta.<\/p>\n<p>Elana &#8211; tem 25 anos, \u00e9 engenheira agr\u00f4noma e mora no sert\u00e3o do Piau\u00ed. Seu primeiro banho de chuveiro foi aos seis anos de idade.<\/p>\n<p>Gabriela &#8211; com 32 anos, a sister mora em Ribeir\u00e3o Preto e \u00e9 designer gr\u00e1fica e percussionista. \u00c9 f\u00e3 de Beyonc\u00e9 e imitava as Spice Girls na inf\u00e2ncia.<\/p>\n<p>Hana &#8211; carioca de 22 anos, \u00e9 bacharel em Cinema e produz v\u00eddeos para a internet. J\u00e1 doou medula \u00f3ssea para o irm\u00e3o.<\/p>\n<p>Hariany &#8211; mora em Senador Canedo, Goi\u00e1s, tem 21 anos, estuda Design de Moda e sonha em ser famosa. A sister j\u00e1 ficou com tr\u00eas sertanejos famosos.<\/p>\n<p>Isabella &#8211; com 24 anos, a sister \u00e9 de Natal\/RN e morou at\u00e9 os sete anos da It\u00e1lia. Foi Miss Natal 2014.<\/p>\n<p>Maycon &#8211; \u00e9 de Piumhi (MG) e tem 27 anos. Vendedor de queijos e barman, o brother tem vontade de ser cantor. Ele j\u00e1 namorou 12 vezes.<\/p>\n<p>Paula &#8211; Bacharel em Direito, tem 28 anos, \u00e9 de Lagoa Santa, Minas Gerais. A sister \u00e9 dona de uma porca, a Pippa.<\/p>\n<p>R\u00edzia &#8211; de 24 anos. A alagoana, de S\u00e3o Miguel dos Campos, luta por quest\u00f5es sociais. \u00c9 apaixonada por fotografia.<\/p>\n<p>Rodrigo &#8211; tem 40 anos, \u00e9 trig\u00eameo e defende a representatividade dos negros. O carioca ensinou a av\u00f3 a ler.<\/p>\n<p>Tereza &#8211; pernambucana, tem 52 anos e j\u00e1 se casou seis vezes. Para o seu filho, a participante compartilhava o sonho de entrar no &#8220;BBB&#8221;.<\/p>\n<p>Fonte e imagem &#8220;BBB&#8221; 19 Rede Globo<\/p>","protected":false},"excerpt":{"rendered":"<p>&#8220;BBB&#8221; 19 enquete (Prova do L\u00edder 31\/01): Tiago Leifert avisou sobre a Prova do L\u00edder: o vencedor ganha 1.000 estalecas, imunidade e R$ 2.000,00. A prova exigiu sorte na Dan\u00e7a das Cadeiras.&nbsp;O primeiro eliminado, Alan ganhou o poder especial de indicar algu\u00e9m imediatamente ao&nbsp;Pared\u00e3o, que ser\u00e1 triplo. Ele indicou Hariany para o pared\u00e3o. Carolina ganhou [&hellip;]<\/p>\n","protected":false},"author":2,"featured_media":166031,"comment_status":"open","ping_status":"closed","sticky":false,"template":"","format":"standard","meta":{"tdm_status":"","tdm_grid_status":"","footnotes":""},"categories":[375,343],"tags":[466,521],"class_list":{"0":"post-167797","1":"post","2":"type-post","3":"status-publish","4":"format-standard","5":"has-post-thumbnail","7":"category-rede-globo","8":"category-televisao","9":"tag-bbb","10":"tag-enquete"},"_links":{"self":[{"href":"https:\/\/migracao.redenoticia.com.br\/noticia\/wp-json\/wp\/v2\/posts\/167797","targetHints":{"allow":["GET"]}}],"collection":[{"href":"https:\/\/migracao.redenoticia.com.br\/noticia\/wp-json\/wp\/v2\/posts"}],"about":[{"href":"https:\/\/migracao.redenoticia.com.br\/noticia\/wp-json\/wp\/v2\/types\/post"}],"author":[{"embeddable":true,"href":"https:\/\/migracao.redenoticia.com.br\/noticia\/wp-json\/wp\/v2\/users\/2"}],"replies":[{"embeddable":true,"href":"https:\/\/migracao.redenoticia.com.br\/noticia\/wp-json\/wp\/v2\/comments?post=167797"}],"version-history":[{"count":0,"href":"https:\/\/migracao.redenoticia.com.br\/noticia\/wp-json\/wp\/v2\/posts\/167797\/revisions"}],"wp:featuredmedia":[{"embeddable":true,"href":"https:\/\/migracao.redenoticia.com.br\/noticia\/wp-json\/wp\/v2\/media\/166031"}],"wp:attachment":[{"href":"https:\/\/migracao.redenoticia.com.br\/noticia\/wp-json\/wp\/v2\/media?parent=167797"}],"wp:term":[{"taxonomy":"category","embeddable":true,"href":"https:\/\/migracao.redenoticia.com.br\/noticia\/wp-json\/wp\/v2\/categories?post=167797"},{"taxonomy":"post_tag","embeddable":true,"href":"https:\/\/migracao.redenoticia.com.br\/noticia\/wp-json\/wp\/v2\/tags?post=167797"}],"curies":[{"name":"wp","href":"https:\/\/api.w.org\/{rel}","templated":true}]}}