{"id":167904,"date":"2019-02-01T22:49:56","date_gmt":"2019-02-02T00:49:56","guid":{"rendered":"https:\/\/www.redenoticia.com.br\/noticia\/?p=167904"},"modified":"2019-02-01T22:49:59","modified_gmt":"2019-02-02T00:49:59","slug":"resumo-novela-as-aventuras-de-poliana-04-02-marcelo-se-declara-para-luisa","status":"publish","type":"post","link":"https:\/\/migracao.redenoticia.com.br\/noticia\/2019\/resumo-novela-as-aventuras-de-poliana-04-02-marcelo-se-declara-para-luisa\/167904","title":{"rendered":"Resumo novela \u201cAs Aventuras de Poliana\u201d 04\/02: Marcelo se declara para Lu\u00edsa"},"content":{"rendered":"<p><strong><em><img loading=\"lazy\" decoding=\"async\" class=\"aligncenter size-large wp-image-148662\" src=\"https:\/\/migracao.redenoticia.com.br\/noticia\/imagens\/as-aventuras-de-poliana-novela-400x267.jpg\" alt=\"\" width=\"400\" height=\"267\" srcset=\"https:\/\/migracao.redenoticia.com.br\/noticia\/imagens\/as-aventuras-de-poliana-novela-400x267.jpg 400w, https:\/\/migracao.redenoticia.com.br\/noticia\/imagens\/as-aventuras-de-poliana-novela-250x167.jpg 250w, https:\/\/migracao.redenoticia.com.br\/noticia\/imagens\/as-aventuras-de-poliana-novela-150x100.jpg 150w, https:\/\/migracao.redenoticia.com.br\/noticia\/imagens\/as-aventuras-de-poliana-novela.jpg 600w\" sizes=\"auto, (max-width: 400px) 100vw, 400px\" \/>Resumo novela \u201cAs Aventuras de Poliana\u201d 04\/02 <\/em><\/strong>: no cap\u00edtulo 189(*) da novela, resumo de segunda-feira, 04 de fevereiro, Salvador amea\u00e7a Sophie novamente (em rela\u00e7\u00e3o a divulgar o v\u00eddeo dela cantando). Otto diz para Roger que decidiu dar uma entrevista para o jornalista que o procurou. Claudia fica sabendo e conta para todos na O11O que a identidade de Otto ser\u00e1 finalmente revelada. Mirela, Guilherme e Raquel expulsam Luca Tuber da chapa Contente. Lu\u00edsa, sem contar a Afonso que pintou alguns quadros, pede a opini\u00e3o dele, que diz que n\u00e3o gostou da arte. D\u00e9bora pede a ajuda de Roger para armar um plano e conseguir se acertar com Marcelo.<\/p>\n<p>M\u00e1rio, Luigi, Lorena e Gael fazem uma pesquisa com Lindomar sobre \u201cpor que os casais se separam\u201d, a fim de tentarem causar disc\u00f3rdia entre Claudia e Durval. Mirela, estressada, diz para Raquel que pensou que, desta vez, as coisas aconteceriam diferente entre Luca e ela. Branca se apresenta como a professora de dan\u00e7a substituta de escola Ruth Goulart. D\u00e9bora diz para Roger que precisa arrumar um jeito de agradar Gl\u00f3ria e pede conselhos. Eles armam um plano. \u00c9ric, da porta, observa a aula de dan\u00e7a, chateado.<\/p>\n<p>Marcelo se encontra com Lu\u00edsa na escola e pergunta de onde ela tirou que ele disse \u201cque o relacionamento dos dois jamais daria certo\u201d. Marcelo finalmente descobre que D\u00e9bora inventou v\u00e1rias mentiras sobre ele. Salvador conta para D\u00e9bora que a aula com Branca foi muito boa. Marcelo se declara para Lu\u00edsa. Gael, Ben\u00edcio, Lorena e M\u00e1rio dizem v\u00e1rias coisas inventadas sobre Claudia para Durval, a fim de que ele desanime do relacionamento. Um capanga de Rato vende uma das joias roubadas de Lu\u00edsa para Lindomar. Arlete n\u00e3o acredita que a joia seja verdadeira. Claudia deixa tudo organizado para receber Otto e todos os funcion\u00e1rios est\u00e3o animados. Pendleton chega e pede para que a entrevista comece. Todos ficam sem entender nada.<\/p>\n<p>(*) edi\u00e7\u00e3o do SBT, Novela \u201cAs Aventuras de Poliana\u201d, sujeito a altera\u00e7\u00e3o de data e conte\u00fado.<\/p>\n<p>Poliana \u00e9 uma menina extrovertida e de bom cora\u00e7\u00e3o que viajava o Brasil com seus pais, Lorenzo e Alice, no grupo circense Trupe Vagalume. Aos onze anos a garota v\u00ea seu mundo desabar quando seus pais falecem e ela tem que ir morar em S\u00e3o Paulo com sua tia Lu\u00edsa, uma mulher rica e severa, a qual ela n\u00e3o conhecia e que n\u00e3o queria cuidar dela, embora sinta que \u00e9 sua obriga\u00e7\u00e3o pela alma de sua irm\u00e3. Apesar do jeito da rigidez da tia, Poliana decide ter uma vis\u00e3o positiva e inabal\u00e1vel da vida, mesmo nos momentos de dificuldade, tentando levar um pouco de felicidade para a vida de cada um dos seus novos amigos e vizinhos, como o Sr. Pendleton, um homem rico e infeliz por nunca ter tido filhos. Ela vai estudar no col\u00e9gio de Ruth, uma diretora de bom cora\u00e7\u00e3o que a ajuda a se adaptar, mas tem que lidar com as vilanias de Mirela, garota mais velha que n\u00e3o aceita perder a popularidade para uma novata.<\/p>\n","protected":false},"excerpt":{"rendered":"<p>Resumo novela \u201cAs Aventuras de Poliana\u201d 04\/02 : no cap\u00edtulo 189(*) da novela, resumo de segunda-feira, 04 de fevereiro, Salvador amea\u00e7a Sophie novamente (em rela\u00e7\u00e3o a divulgar o v\u00eddeo dela cantando). Otto diz para Roger que decidiu dar uma entrevista para o jornalista que o procurou. Claudia fica sabendo e conta para todos na O11O [&hellip;]<\/p>\n","protected":false},"author":2,"featured_media":148663,"comment_status":"open","ping_status":"closed","sticky":false,"template":"","format":"standard","meta":{"tdm_status":"","tdm_grid_status":"","footnotes":""},"categories":[477,379,372,343],"tags":[441],"class_list":{"0":"post-167904","1":"post","2":"type-post","3":"status-publish","4":"format-standard","5":"has-post-thumbnail","7":"category-as-aventuras-de-poliana","8":"category-novelas","9":"category-sbt","10":"category-televisao","11":"tag-resumo-do-dia"},"_links":{"self":[{"href":"https:\/\/migracao.redenoticia.com.br\/noticia\/wp-json\/wp\/v2\/posts\/167904","targetHints":{"allow":["GET"]}}],"collection":[{"href":"https:\/\/migracao.redenoticia.com.br\/noticia\/wp-json\/wp\/v2\/posts"}],"about":[{"href":"https:\/\/migracao.redenoticia.com.br\/noticia\/wp-json\/wp\/v2\/types\/post"}],"author":[{"embeddable":true,"href":"https:\/\/migracao.redenoticia.com.br\/noticia\/wp-json\/wp\/v2\/users\/2"}],"replies":[{"embeddable":true,"href":"https:\/\/migracao.redenoticia.com.br\/noticia\/wp-json\/wp\/v2\/comments?post=167904"}],"version-history":[{"count":0,"href":"https:\/\/migracao.redenoticia.com.br\/noticia\/wp-json\/wp\/v2\/posts\/167904\/revisions"}],"wp:featuredmedia":[{"embeddable":true,"href":"https:\/\/migracao.redenoticia.com.br\/noticia\/wp-json\/wp\/v2\/media\/148663"}],"wp:attachment":[{"href":"https:\/\/migracao.redenoticia.com.br\/noticia\/wp-json\/wp\/v2\/media?parent=167904"}],"wp:term":[{"taxonomy":"category","embeddable":true,"href":"https:\/\/migracao.redenoticia.com.br\/noticia\/wp-json\/wp\/v2\/categories?post=167904"},{"taxonomy":"post_tag","embeddable":true,"href":"https:\/\/migracao.redenoticia.com.br\/noticia\/wp-json\/wp\/v2\/tags?post=167904"}],"curies":[{"name":"wp","href":"https:\/\/api.w.org\/{rel}","templated":true}]}}