{"id":167906,"date":"2019-02-01T22:52:48","date_gmt":"2019-02-02T00:52:48","guid":{"rendered":"https:\/\/www.redenoticia.com.br\/noticia\/?p=167906"},"modified":"2019-02-01T22:52:51","modified_gmt":"2019-02-02T00:52:51","slug":"resumo-novela-cumplices-de-um-resgate-04-02-orlando-e-operado","status":"publish","type":"post","link":"https:\/\/migracao.redenoticia.com.br\/noticia\/2019\/resumo-novela-cumplices-de-um-resgate-04-02-orlando-e-operado\/167906","title":{"rendered":"Resumo novela \u201cC\u00famplices de um Resgate\u201d 04\/02: Orlando \u00e9 operado"},"content":{"rendered":"<p><img loading=\"lazy\" decoding=\"async\" class=\"aligncenter size-large wp-image-164526\" src=\"https:\/\/migracao.redenoticia.com.br\/noticia\/imagens\/cumplices-de-um-resgate-001-316x300.jpg\" alt=\"\" width=\"316\" height=\"300\" srcset=\"https:\/\/migracao.redenoticia.com.br\/noticia\/imagens\/cumplices-de-um-resgate-001-316x300.jpg 316w, https:\/\/migracao.redenoticia.com.br\/noticia\/imagens\/cumplices-de-um-resgate-001-197x187.jpg 197w, https:\/\/migracao.redenoticia.com.br\/noticia\/imagens\/cumplices-de-um-resgate-001-150x143.jpg 150w, https:\/\/migracao.redenoticia.com.br\/noticia\/imagens\/cumplices-de-um-resgate-001.jpg 526w\" sizes=\"auto, (max-width: 316px) 100vw, 316px\" \/> Resumo novela \u201cC\u00famplices de um Resgate\u201d 04\/02 : no cap\u00edtulo 021(*) da novela, segunda-feira, 04 de fevereiro, Manuela, que se passa por Isabela, consegue desconversar os questionamentos de Marina. Andr\u00e9 bate na porta dos irm\u00e3os Vaz, que ficam aliviados ao saber que n\u00e3o se trata de Meire. Ningu\u00e9m atende Andr\u00e9, que comenta com o pai estranho o sil\u00eancio no apartamento. No dia seguinte, Marina estranha ver Isabela, que na verdade \u00e9 Manuela, arrumar a pr\u00f3pria cama. Isabela, que se passa por Manuela, adora saber que Nina fez panquecas para o caf\u00e9 da manh\u00e3. Manuela tenta se servir, mas derrama uma x\u00edcara em Regina, que fica irada ao se sujar.<\/p>\n<p>A megera grita com a garota, que chora. Orlando interv\u00e9m e diz que Regina passou dos limites. Julia diz para os irm\u00e3os, Joaquim e Felipe, que n\u00e3o aguenta mais a bagun\u00e7a no apartamento e que ter\u00e3o que fazer uma faxina. Manuela e Isabela destrocam de lugar. Ot\u00e1vio pergunta para Lurdinha como funcionam os cultos da igreja evang\u00e9lica, pois ir\u00e1 acompanhar Rebeca. Omar (Luckas Moura) reclama com o pai, Joel, que n\u00e3o quer ir para casa da m\u00e3e e quer morar definitivamente com ele. Alicia pergunta para os filhos, Lola e Andr\u00e9, se viram Flora, pois depois das quest\u00f5es levantadas por Meire, ela notou que n\u00e3o viu mais a tia dos Vaz. Helena e Pedro d\u00e3o uma nova vacina em Manteiguinha. Andr\u00e9 pergunta para Julia, Joaquim e Felipe sobre Flora. As crian\u00e7as dizem que ela foi trabalhar.<\/p>\n<p>Na mans\u00e3o de Isabela, Laura encontra Orlando desacordado no ch\u00e3o do escrit\u00f3rio e grita por ajuda. Isabela diz que Orlando \u00e9 o \u00fanico que lhe ama de verdade. A garota coloca o rosto dele em seu colo e tenta fazer com que acorde. Ao mesmo tempo, no vilarejo, Manuela sente uma tristeza inexplic\u00e1vel. Raul \u00e9 avisado do que aconteceu com Orlando, interrompe o caf\u00e9 com Ot\u00e1vio e vai at\u00e9 a mans\u00e3o com urg\u00eancia. Orlando \u00e9 levado de ambul\u00e2ncia ao hospital. Isabela chora muito. Regina chega em casa e Raul diz que tudo indica que Orlando sofreu um infarto. Regina liga para Geraldo e diz que o infarto de Orlando \u00e9 uma not\u00edcia boa. Na gravadora, Vicente avisa que o ensaio acontecer\u00e1 sem Isabela. No hospital, Marina acompanha Isabela, que aguardam por not\u00edcias de Orlando. Raul avisa que o homem passar\u00e1 por uma cirurgia delicada, de urg\u00eancia. Meire est\u00e1 dedicada a descobrir o mist\u00e9rio que est\u00e1 acontecendo no apartamento dos irm\u00e3os Vaz. Felipe deixa escapar para Andr\u00e9 que a tia Flora abandonou eles. Raul avisa Isabela que houve uma complica\u00e7\u00e3o na cirurgia.<\/p>\n<p>(*) edi\u00e7\u00e3o do SBT, Novela \u201cC\u00famplices de um Resgate\u201d, sujeito a altera\u00e7\u00e3o de data e conte\u00fado.<\/p>\n","protected":false},"excerpt":{"rendered":"<p>Resumo novela \u201cC\u00famplices de um Resgate\u201d 04\/02 : no cap\u00edtulo 021(*) da novela, segunda-feira, 04 de fevereiro, Manuela, que se passa por Isabela, consegue desconversar os questionamentos de Marina. Andr\u00e9 bate na porta dos irm\u00e3os Vaz, que ficam aliviados ao saber que n\u00e3o se trata de Meire. Ningu\u00e9m atende Andr\u00e9, que comenta com o pai [&hellip;]<\/p>\n","protected":false},"author":2,"featured_media":164525,"comment_status":"open","ping_status":"closed","sticky":false,"template":"","format":"standard","meta":{"tdm_status":"","tdm_grid_status":"","footnotes":""},"categories":[379,372,343],"tags":[441],"class_list":{"0":"post-167906","1":"post","2":"type-post","3":"status-publish","4":"format-standard","5":"has-post-thumbnail","7":"category-novelas","8":"category-sbt","9":"category-televisao","10":"tag-resumo-do-dia"},"_links":{"self":[{"href":"https:\/\/migracao.redenoticia.com.br\/noticia\/wp-json\/wp\/v2\/posts\/167906","targetHints":{"allow":["GET"]}}],"collection":[{"href":"https:\/\/migracao.redenoticia.com.br\/noticia\/wp-json\/wp\/v2\/posts"}],"about":[{"href":"https:\/\/migracao.redenoticia.com.br\/noticia\/wp-json\/wp\/v2\/types\/post"}],"author":[{"embeddable":true,"href":"https:\/\/migracao.redenoticia.com.br\/noticia\/wp-json\/wp\/v2\/users\/2"}],"replies":[{"embeddable":true,"href":"https:\/\/migracao.redenoticia.com.br\/noticia\/wp-json\/wp\/v2\/comments?post=167906"}],"version-history":[{"count":0,"href":"https:\/\/migracao.redenoticia.com.br\/noticia\/wp-json\/wp\/v2\/posts\/167906\/revisions"}],"wp:featuredmedia":[{"embeddable":true,"href":"https:\/\/migracao.redenoticia.com.br\/noticia\/wp-json\/wp\/v2\/media\/164525"}],"wp:attachment":[{"href":"https:\/\/migracao.redenoticia.com.br\/noticia\/wp-json\/wp\/v2\/media?parent=167906"}],"wp:term":[{"taxonomy":"category","embeddable":true,"href":"https:\/\/migracao.redenoticia.com.br\/noticia\/wp-json\/wp\/v2\/categories?post=167906"},{"taxonomy":"post_tag","embeddable":true,"href":"https:\/\/migracao.redenoticia.com.br\/noticia\/wp-json\/wp\/v2\/tags?post=167906"}],"curies":[{"name":"wp","href":"https:\/\/api.w.org\/{rel}","templated":true}]}}