{"id":167994,"date":"2019-02-03T13:31:15","date_gmt":"2019-02-03T15:31:15","guid":{"rendered":"https:\/\/www.redenoticia.com.br\/noticia\/?p=167994"},"modified":"2019-02-11T00:19:12","modified_gmt":"2019-02-11T02:19:12","slug":"bbb19-prova-da-comida","status":"publish","type":"post","link":"https:\/\/migracao.redenoticia.com.br\/noticia\/2019\/bbb19-prova-da-comida\/167994","title":{"rendered":"&#8220;BBB&#8221;19: Prova da Comida"},"content":{"rendered":"<p><img loading=\"lazy\" decoding=\"async\" class=\"aligncenter size-large wp-image-166030\" src=\"https:\/\/migracao.redenoticia.com.br\/noticia\/imagens\/BBB-novidades-400x282.jpg\" alt=\"\" width=\"400\" height=\"282\" srcset=\"https:\/\/migracao.redenoticia.com.br\/noticia\/imagens\/BBB-novidades-400x282.jpg 400w, https:\/\/migracao.redenoticia.com.br\/noticia\/imagens\/BBB-novidades-250x176.jpg 250w, https:\/\/migracao.redenoticia.com.br\/noticia\/imagens\/BBB-novidades-100x70.jpg 100w, https:\/\/migracao.redenoticia.com.br\/noticia\/imagens\/BBB-novidades-696x491.jpg 696w, https:\/\/migracao.redenoticia.com.br\/noticia\/imagens\/BBB-novidades-150x106.jpg 150w, https:\/\/migracao.redenoticia.com.br\/noticia\/imagens\/BBB-novidades-560x395.jpg 560w, https:\/\/migracao.redenoticia.com.br\/noticia\/imagens\/BBB-novidades.jpg 700w\" sizes=\"auto, (max-width: 400px) 100vw, 400px\" \/>&#8220;<strong><em>BBB<\/em><\/strong>&#8220;19: a Prova da Comida acontece aos domingos. Nesta edi\u00e7\u00e3o os concorrentes continuaram divididos em dois grupos. Em 03\/02, Tiago Leifert explicou que todos participam.&nbsp;No grupo amarelo: Maycon, Isabella, Tereza, Carolina, Diego, Paula e Hariany. No grupo vermelho: R\u00edzia, Gabriela, Rodrigo, Alan, Hana, Elana e Danrley.<\/p>\n<div class=\"mc-column content-text active-extra-styles \" data-block-type=\"unstyled\" data-block-weight=\"27\" data-block-id=\"2\">\n<p class=\"content-text__container \" data-track-category=\"Link no Texto\" data-track-links=\"\">Entenda a Prova da Comida: A prova tem duas fases. Na primeira, um grupo deve destruir o quebra-cabe\u00e7a do outro. Na segunda, o grupo deve remontar o desenho. Quem acabar primeiro, ganha.<\/p>\n<\/div>\n<div class=\"mc-column content-text active-extra-styles \" data-block-type=\"unstyled\" data-block-weight=\"58\" data-block-id=\"3\">\n<p class=\"content-text__container \" data-track-category=\"Link no Texto\" data-track-links=\"\">O time amarelo continua no&nbsp;T\u00e1 com Tudo, ganha 500 estalecas. Os outros perderam 500 estalecas cada e v\u00e3o para o&nbsp;T\u00e1 com Nada, com a permiss\u00e3o para comer apenas arroz, feij\u00e3o, goiabada, ovos (dois por dia) e caf\u00e9. Al\u00e9m disso, ficam sem o direito de fazer compras.<\/p>\n<\/div>\n<p><\/p>\n<p>Destaques&nbsp;<\/p>\n<p><\/p>\n<p><br><\/p>\n<p><br>&nbsp;<\/p>\n\n\n<p>Perfil dos confinados:<br>Alan \u2013 empres\u00e1rio e administrador, o brother, de Crici\u00fama (SC), tem 26 anos.<br>Carolina \u2013 a baiana tem 33 anos, \u00e9 publicit\u00e1ria e empres\u00e1ria. O seu amuleto \u00e9 dar \u201cBom dia\u201d ao sol.<br>Danrley \u2013 o carioca tem 19 anos, cursa Biologia e vende picol\u00e9 na praia nos fins de semana.<br>Diego \u2013 empres\u00e1rio, campe\u00e3o brasileiro de la\u00e7o e com 30 anos de idade. \u00c9 de Rio Negrinho, Santa Catarina.<br>Elana \u2013 tem 25 anos, \u00e9 engenheira agr\u00f4noma e mora no sert\u00e3o do Piau\u00ed.<br>Gabriela \u2013 com 32 anos, a sister mora em Ribeir\u00e3o Preto e \u00e9 designer gr\u00e1fica e percussionista.<br>Gustavo \u2013 m\u00e9dico oftalmologista, o brother tem 37 anos e terminou a rela\u00e7\u00e3o para estar no reality.<br>Hana \u2013 carioca de 22 anos, \u00e9 bacharel em Cinema e produz v\u00eddeos para a internet.<br>Hariany \u2013 mora em Senador Canedo, Goi\u00e1s, tem 21 anos, estuda Design de Moda e sonha em ser famosa.<br>Isabella \u2013 com 24 anos, a sister \u00e9 de Natal\/RN e morou at\u00e9 os sete anos da It\u00e1lia.<br>Maycon \u2013 \u00e9 de Piumhi (MG) e tem 27 anos. Vendedor de queijos e barman.<br>Paula \u2013 Bacharel em Direito, tem 28 anos, \u00e9 de Lagoa Santa, Minas Gerais.<br>R\u00edzia \u2013 de 24 anos. A alagoana, de S\u00e3o Miguel dos Campos, luta por quest\u00f5es sociais.<br>Rodrigo \u2013 tem 40 anos, \u00e9 trig\u00eameo e defende a representatividade dos negros.<br>Tereza \u2013 pernambucana, tem 52 anos e j\u00e1 se casou seis vezes.<br>Vanderson \u2013 de Rio Branco (AC). O bi\u00f3logo de 35 anos percorre aldeias ind\u00edgenas e toca ukulele.<br>Vinicius \u2013 artista pl\u00e1stico, de Belo Horizonte (MG), 40 anos, \u00e9 apaixonado por m\u00fasica eletr\u00f4nica.<\/p>\n\n\n\n<p>Fonte Rede Globo \u201cBBB\u201d 19<\/p>\n","protected":false},"excerpt":{"rendered":"<p>&#8220;BBB&#8220;19: a Prova da Comida acontece aos domingos. Nesta edi\u00e7\u00e3o os concorrentes continuaram divididos em dois grupos. Em 03\/02, Tiago Leifert explicou que todos participam.&nbsp;No grupo amarelo: Maycon, Isabella, Tereza, Carolina, Diego, Paula e Hariany. No grupo vermelho: R\u00edzia, Gabriela, Rodrigo, Alan, Hana, Elana e Danrley. Entenda a Prova da Comida: A prova tem duas [&hellip;]<\/p>\n","protected":false},"author":2,"featured_media":166035,"comment_status":"open","ping_status":"closed","sticky":false,"template":"","format":"standard","meta":{"tdm_status":"","tdm_grid_status":"","footnotes":""},"categories":[379,375,343],"tags":[466,523],"class_list":{"0":"post-167994","1":"post","2":"type-post","3":"status-publish","4":"format-standard","5":"has-post-thumbnail","7":"category-novelas","8":"category-rede-globo","9":"category-televisao","10":"tag-bbb","11":"tag-variedades"},"_links":{"self":[{"href":"https:\/\/migracao.redenoticia.com.br\/noticia\/wp-json\/wp\/v2\/posts\/167994","targetHints":{"allow":["GET"]}}],"collection":[{"href":"https:\/\/migracao.redenoticia.com.br\/noticia\/wp-json\/wp\/v2\/posts"}],"about":[{"href":"https:\/\/migracao.redenoticia.com.br\/noticia\/wp-json\/wp\/v2\/types\/post"}],"author":[{"embeddable":true,"href":"https:\/\/migracao.redenoticia.com.br\/noticia\/wp-json\/wp\/v2\/users\/2"}],"replies":[{"embeddable":true,"href":"https:\/\/migracao.redenoticia.com.br\/noticia\/wp-json\/wp\/v2\/comments?post=167994"}],"version-history":[{"count":0,"href":"https:\/\/migracao.redenoticia.com.br\/noticia\/wp-json\/wp\/v2\/posts\/167994\/revisions"}],"wp:featuredmedia":[{"embeddable":true,"href":"https:\/\/migracao.redenoticia.com.br\/noticia\/wp-json\/wp\/v2\/media\/166035"}],"wp:attachment":[{"href":"https:\/\/migracao.redenoticia.com.br\/noticia\/wp-json\/wp\/v2\/media?parent=167994"}],"wp:term":[{"taxonomy":"category","embeddable":true,"href":"https:\/\/migracao.redenoticia.com.br\/noticia\/wp-json\/wp\/v2\/categories?post=167994"},{"taxonomy":"post_tag","embeddable":true,"href":"https:\/\/migracao.redenoticia.com.br\/noticia\/wp-json\/wp\/v2\/tags?post=167994"}],"curies":[{"name":"wp","href":"https:\/\/api.w.org\/{rel}","templated":true}]}}