{"id":168042,"date":"2019-02-03T21:58:00","date_gmt":"2019-02-03T23:58:00","guid":{"rendered":"https:\/\/www.redenoticia.com.br\/noticia\/?p=168042"},"modified":"2019-02-03T23:10:20","modified_gmt":"2019-02-04T01:10:20","slug":"novela-cordel-encantado-rei-augusto-encontra-acucena","status":"publish","type":"post","link":"https:\/\/migracao.redenoticia.com.br\/noticia\/2019\/novela-cordel-encantado-rei-augusto-encontra-acucena\/168042","title":{"rendered":"Novela &#8220;Cordel Encantado&#8221;: Rei Augusto encontra A\u00e7ucena"},"content":{"rendered":"<p><strong><em><img loading=\"lazy\" decoding=\"async\" class=\"aligncenter size-large wp-image-165217\" src=\"https:\/\/migracao.redenoticia.com.br\/noticia\/imagens\/cordel-001-400x300.jpg\" alt=\"\" width=\"400\" height=\"300\" srcset=\"https:\/\/migracao.redenoticia.com.br\/noticia\/imagens\/cordel-001-400x300.jpg 400w, https:\/\/migracao.redenoticia.com.br\/noticia\/imagens\/cordel-001-250x187.jpg 250w, https:\/\/migracao.redenoticia.com.br\/noticia\/imagens\/cordel-001-150x113.jpg 150w, https:\/\/migracao.redenoticia.com.br\/noticia\/imagens\/cordel-001-265x198.jpg 265w, https:\/\/migracao.redenoticia.com.br\/noticia\/imagens\/cordel-001-560x420.jpg 560w, https:\/\/migracao.redenoticia.com.br\/noticia\/imagens\/cordel-001.jpg 620w\" sizes=\"auto, (max-width: 400px) 100vw, 400px\" \/>Novela &#8220;Cordel Encantado&#8221;:<\/em><\/strong> A\u00e7ucena (Bianca Bin) cai em uma armadilha, sofre um acidente de carro\u00e7a e \u00e9 levada para a fazenda de Tim\u00f3teo (Bruno Gagliasso). Euz\u00e9bio (Enrique Diaz) e Jesu\u00edno (Cau\u00e3 Reymond) tentam enfrentar o vil\u00e3o e seus capangas para resgata-la. Virtuosa (Ana Cec\u00edlia Costa) chega acompanhada de Rei Augusto (Carmo Dalla Vecchia), General Baldini (Emilio de Mello) e Delegado Bator\u00e9 (Osmar Prado), comitiva, enfermeiros e um m\u00e9dico.<\/p>\n<p>\u201cRei Augusto?! Delegado&#8230; Que \u00e9 que est\u00e1 acontecendo aqui?\u201d, indaga Tim\u00f3teo. Por\u00e9m, Augusto n\u00e3o perde tempo com explica\u00e7\u00f5es e ordena que ele deixe o m\u00e9dico tomar conta de sua filha. Sem entender a situa\u00e7\u00e3o, o noivo de A\u00e7ucena pergunta o que est\u00e1 acontecendo. Virtuosa confessa: \u201cRei Augusto \u00e9 o verdadeiro pai de A\u00e7ucena. Ela \u00e9 a princesa perdida!\u201d.<\/p>\n<p>Jesu\u00edno pede para ficar ao lado da amada, o rei esclarece que a filha ser\u00e1 cuidada no Pal\u00e1cio e permite que o rapaz lhe acompanhe.<\/p>\n<p>Sinopse &#8220;Cordel Encantado&#8221;: Augusto e sua rainha vivem uma vida harmoniosa e feliz, sem imaginar que est\u00e3o cercados por dois vil\u00f5es: \u00darsula (D\u00e9bora Bloch), cunhada do rei, e Nicolau (Luiz Fernando Guimar\u00e3es), o atrapalhado mordomo da corte. A bela, elegante e sofisticada duquesa \u00e9 a pessoa mais perigosa e falsa de todo o reino. Ajudada por Nicolau, seu amante, \u00darsula deseja se tornar rainha. E a viagem a Brogod\u00f3 \u00e9 a chance que a duquesa sempre quis para se livrar de Cristina e da princesa.<\/p>\n<p>A sede de poder da dupla de vil\u00f5es \u00e9 crescente: no Brasil, para onde se muda com a corte europeia, o casal continua a planejar e executar planos para conseguir o que quer. No decorrer da novela, revela-se que Lady Cec\u00edlia (Sofia Terra), que \u00darsula criava como sobrinha, \u00e9 filha da vil\u00e3 com o general Baldini (Em\u00edlio de Mello), militar do ex\u00e9rcito de Ser\u00e1fia do Norte.<\/p>\n<p>Fonte Rede Globo &#8220;Cordel Encantado\u201d<\/p>\n","protected":false},"excerpt":{"rendered":"<p>Novela &#8220;Cordel Encantado&#8221;: A\u00e7ucena (Bianca Bin) cai em uma armadilha, sofre um acidente de carro\u00e7a e \u00e9 levada para a fazenda de Tim\u00f3teo (Bruno Gagliasso). Euz\u00e9bio (Enrique Diaz) e Jesu\u00edno (Cau\u00e3 Reymond) tentam enfrentar o vil\u00e3o e seus capangas para resgata-la. Virtuosa (Ana Cec\u00edlia Costa) chega acompanhada de Rei Augusto (Carmo Dalla Vecchia), General Baldini [&hellip;]<\/p>\n","protected":false},"author":2,"featured_media":165213,"comment_status":"open","ping_status":"closed","sticky":false,"template":"","format":"standard","meta":{"tdm_status":"","tdm_grid_status":"","footnotes":""},"categories":[535,379,375,343],"tags":[440],"class_list":{"0":"post-168042","1":"post","2":"type-post","3":"status-publish","4":"format-standard","5":"has-post-thumbnail","7":"category-cordel-encantado","8":"category-novelas","9":"category-rede-globo","10":"category-televisao","11":"tag-noticia-novela"},"_links":{"self":[{"href":"https:\/\/migracao.redenoticia.com.br\/noticia\/wp-json\/wp\/v2\/posts\/168042","targetHints":{"allow":["GET"]}}],"collection":[{"href":"https:\/\/migracao.redenoticia.com.br\/noticia\/wp-json\/wp\/v2\/posts"}],"about":[{"href":"https:\/\/migracao.redenoticia.com.br\/noticia\/wp-json\/wp\/v2\/types\/post"}],"author":[{"embeddable":true,"href":"https:\/\/migracao.redenoticia.com.br\/noticia\/wp-json\/wp\/v2\/users\/2"}],"replies":[{"embeddable":true,"href":"https:\/\/migracao.redenoticia.com.br\/noticia\/wp-json\/wp\/v2\/comments?post=168042"}],"version-history":[{"count":0,"href":"https:\/\/migracao.redenoticia.com.br\/noticia\/wp-json\/wp\/v2\/posts\/168042\/revisions"}],"wp:featuredmedia":[{"embeddable":true,"href":"https:\/\/migracao.redenoticia.com.br\/noticia\/wp-json\/wp\/v2\/media\/165213"}],"wp:attachment":[{"href":"https:\/\/migracao.redenoticia.com.br\/noticia\/wp-json\/wp\/v2\/media?parent=168042"}],"wp:term":[{"taxonomy":"category","embeddable":true,"href":"https:\/\/migracao.redenoticia.com.br\/noticia\/wp-json\/wp\/v2\/categories?post=168042"},{"taxonomy":"post_tag","embeddable":true,"href":"https:\/\/migracao.redenoticia.com.br\/noticia\/wp-json\/wp\/v2\/tags?post=168042"}],"curies":[{"name":"wp","href":"https:\/\/api.w.org\/{rel}","templated":true}]}}