{"id":168043,"date":"2019-02-03T22:09:04","date_gmt":"2019-02-04T00:09:04","guid":{"rendered":"https:\/\/www.redenoticia.com.br\/noticia\/?p=168043"},"modified":"2019-02-03T22:09:21","modified_gmt":"2019-02-04T00:09:21","slug":"novela-verao-90-jeronimo-beija-vanessa","status":"publish","type":"post","link":"https:\/\/migracao.redenoticia.com.br\/noticia\/2019\/novela-verao-90-jeronimo-beija-vanessa\/168043","title":{"rendered":"Novela \u201cVer\u00e3o 90\u201d: Jer\u00f4nimo beija Vanessa"},"content":{"rendered":"<p><strong><em><img loading=\"lazy\" decoding=\"async\" class=\"aligncenter size-large wp-image-168051\" src=\"https:\/\/migracao.redenoticia.com.br\/noticia\/imagens\/verao-90-queiroz-novela-resumo-298x300.jpg\" alt=\"\" width=\"298\" height=\"300\" srcset=\"https:\/\/migracao.redenoticia.com.br\/noticia\/imagens\/verao-90-queiroz-novela-resumo-298x300.jpg 298w, https:\/\/migracao.redenoticia.com.br\/noticia\/imagens\/verao-90-queiroz-novela-resumo-186x187.jpg 186w, https:\/\/migracao.redenoticia.com.br\/noticia\/imagens\/verao-90-queiroz-novela-resumo-560x564.jpg 560w, https:\/\/migracao.redenoticia.com.br\/noticia\/imagens\/verao-90-queiroz-novela-resumo.jpg 570w\" sizes=\"auto, (max-width: 298px) 100vw, 298px\" \/>Novela \u201cVer\u00e3o 90\u201d:<\/em><\/strong> Jer\u00f4nimo (Jesu\u00edta Barbosa) quer se dar bem na cidade grande. Ele finge ser um empres\u00e1rio rico em uma festa e conhece Vanessa (Camila Queiroz), que o engana e diz ter uma fam\u00edlia rica: &#8220;Ai, desculpa! Mas papai me enche tanto pra n\u00e3o falar com quem n\u00e3o conhe\u00e7o que acabo sendo grossa sem perceber. Ele tem medo de sequestro&#8221;.<\/p>\n<p>Jer\u00f4nimo se apresenta: &#8220;Sei como \u00e9&#8230; Sendo assim, melhor me apresentar logo: Roj\u00ea Guerreiro&#8221;. Ele finge que n\u00e3o est\u00e1 interessado na mo\u00e7a. Vanessa quer ser famosa e tenta seduzir o falso rico. Depois de um tempo eles se beijam. Cena prevista para dia 11 de setembro na novela \u201cVer\u00e3o 90\u201d.<\/p>\n<p>Sinopse \u201cVer\u00e3o 90\u201d: O Rio de Janeiro da d\u00e9cada de 1990, a cultura efervescente da \u00e9poca, os acontecimentos sociais e pol\u00edticos, a m\u00fasica e a moda est\u00e3o presentes em \u2018Ver\u00e3o 90\u2019, uma com\u00e9dia rom\u00e2ntica, solar e musical, escrita por Izabel de Oliveira e Paula Amaral, com dire\u00e7\u00e3o art\u00edstica de Jorge Fernando.<\/p>\n<p>A trajet\u00f3ria de tr\u00eas ex-astros mirins e suas m\u00e3es batalhadoras, Lidiane (Claudia Raia) e Jana\u00edna (Dira Paes), cada uma a seu modo. A previs\u00e3o de estreia \u00e9 para o in\u00edcio de 2019. A hist\u00f3ria rom\u00e2ntica e musical que tem como protagonistas o trio Jo\u00e3o (Jo\u00e3o Bravo\/Rafael Vitti), Manuzita (Melissa N\u00f3brega\/Isabelle Drummond) e Jer\u00f4nimo (Diogo Caruso\/Jesu\u00edta Barbosa).<\/p>\n","protected":false},"excerpt":{"rendered":"<p>Novela \u201cVer\u00e3o 90\u201d: Jer\u00f4nimo (Jesu\u00edta Barbosa) quer se dar bem na cidade grande. Ele finge ser um empres\u00e1rio rico em uma festa e conhece Vanessa (Camila Queiroz), que o engana e diz ter uma fam\u00edlia rica: &#8220;Ai, desculpa! Mas papai me enche tanto pra n\u00e3o falar com quem n\u00e3o conhe\u00e7o que acabo sendo grossa sem [&hellip;]<\/p>\n","protected":false},"author":2,"featured_media":168049,"comment_status":"open","ping_status":"closed","sticky":false,"template":"","format":"standard","meta":{"tdm_status":"","tdm_grid_status":"","footnotes":""},"categories":[388,379,375,343,536],"tags":[440],"class_list":{"0":"post-168043","1":"post","2":"type-post","3":"status-publish","4":"format-standard","5":"has-post-thumbnail","7":"category-destaques","8":"category-novelas","9":"category-rede-globo","10":"category-televisao","11":"category-verao-90","12":"tag-noticia-novela"},"_links":{"self":[{"href":"https:\/\/migracao.redenoticia.com.br\/noticia\/wp-json\/wp\/v2\/posts\/168043","targetHints":{"allow":["GET"]}}],"collection":[{"href":"https:\/\/migracao.redenoticia.com.br\/noticia\/wp-json\/wp\/v2\/posts"}],"about":[{"href":"https:\/\/migracao.redenoticia.com.br\/noticia\/wp-json\/wp\/v2\/types\/post"}],"author":[{"embeddable":true,"href":"https:\/\/migracao.redenoticia.com.br\/noticia\/wp-json\/wp\/v2\/users\/2"}],"replies":[{"embeddable":true,"href":"https:\/\/migracao.redenoticia.com.br\/noticia\/wp-json\/wp\/v2\/comments?post=168043"}],"version-history":[{"count":0,"href":"https:\/\/migracao.redenoticia.com.br\/noticia\/wp-json\/wp\/v2\/posts\/168043\/revisions"}],"wp:featuredmedia":[{"embeddable":true,"href":"https:\/\/migracao.redenoticia.com.br\/noticia\/wp-json\/wp\/v2\/media\/168049"}],"wp:attachment":[{"href":"https:\/\/migracao.redenoticia.com.br\/noticia\/wp-json\/wp\/v2\/media?parent=168043"}],"wp:term":[{"taxonomy":"category","embeddable":true,"href":"https:\/\/migracao.redenoticia.com.br\/noticia\/wp-json\/wp\/v2\/categories?post=168043"},{"taxonomy":"post_tag","embeddable":true,"href":"https:\/\/migracao.redenoticia.com.br\/noticia\/wp-json\/wp\/v2\/tags?post=168043"}],"curies":[{"name":"wp","href":"https:\/\/api.w.org\/{rel}","templated":true}]}}