{"id":168058,"date":"2019-02-03T23:13:15","date_gmt":"2019-02-04T01:13:15","guid":{"rendered":"https:\/\/www.redenoticia.com.br\/noticia\/?p=168058"},"modified":"2019-02-04T17:37:48","modified_gmt":"2019-02-04T19:37:48","slug":"novela-cordel-encantado-cicero-decide-entrar-para-o-cangaco","status":"publish","type":"post","link":"https:\/\/migracao.redenoticia.com.br\/noticia\/2019\/novela-cordel-encantado-cicero-decide-entrar-para-o-cangaco\/168058","title":{"rendered":"Novela &#8220;Cordel Encantado&#8221;: Herculano salva C\u00edcero e ele defende o canga\u00e7o"},"content":{"rendered":"<p><strong><em><img loading=\"lazy\" decoding=\"async\" class=\"aligncenter size-large wp-image-165213\" src=\"https:\/\/migracao.redenoticia.com.br\/noticia\/imagens\/cordel-005-400x181.jpg\" alt=\"\" width=\"400\" height=\"181\" srcset=\"https:\/\/migracao.redenoticia.com.br\/noticia\/imagens\/cordel-005-400x181.jpg 400w, https:\/\/migracao.redenoticia.com.br\/noticia\/imagens\/cordel-005-250x113.jpg 250w, https:\/\/migracao.redenoticia.com.br\/noticia\/imagens\/cordel-005-150x68.jpg 150w, https:\/\/migracao.redenoticia.com.br\/noticia\/imagens\/cordel-005-560x254.jpg 560w, https:\/\/migracao.redenoticia.com.br\/noticia\/imagens\/cordel-005.jpg 686w\" sizes=\"auto, (max-width: 400px) 100vw, 400px\" \/>Novela &#8220;Cordel Encantado&#8221;:<\/em><\/strong> Cavalgando pela mata para encontrar o local em que A\u00e7ucena (Bianca Bin) sofreu o acidente, Herculano (Domingos Montagner) escuta gemidos e faz sinal de sil\u00eancio para seus homens. Ao lado de Belarmino (Jo\u00e3o Miguel) e Z\u00f3io-Furado (Tuca Andrada), ele se surpreende ao encontrar C\u00edcero (Miguel R\u00f4mulo) ca\u00eddo no ch\u00e3o, muito fraco e todo machucado. \u201cMinha nossa! O que \u00e9 que fizeram com tu, garoto?\u201d, pergunta o cangaceiro, j\u00e1 se encarregando de levar o rapaz para seu acampamento.<\/p>\n<p>Enquanto \u00e9 medicado por C\u00e2ndida (Ilva Ni\u00f1o), C\u00edcero conta a Herculano que apanhou dos capangas de Tim\u00f3teo (Bruno Gagliasso) por ter tentado ajudar Ant\u00f4nia (Luiza Valdetaro) a fugir da cidade. \u201cEle quer casar ela com o delegado. Eu n\u00e3o vou deixar! (&#8230;) Eu vou tirar Ant\u00f4nia de l\u00e1 de novo! Eu vou!\u201d, afirma o rapaz, surpreendendo os cangaceiros com tanta coragem.<\/p>\n<p>Herculano resolve sair imediatamente e contar o ocorrido para seu filho: &#8220;Jesu\u00edno precisa saber o que o desinfeliz de Tim\u00f3teo fez com o cunhado dele. J\u00e1 est\u00e1 mais do que na hora de Jesu\u00edno fazer valer o sangue que tem nas veias e entrar no canga\u00e7o\u201d, afirma o capit\u00e3o.<\/p>\n<p>Ao saber da not\u00edcia, Jesu\u00edno (Cau\u00e3 Reymond) corre para o acampamento dos cangaceiros e, furioso ao perceber o estado de C\u00edcero, diz que ter\u00e1 que agir com Tim\u00f3teo na base de viol\u00eancia. Lembrado por seu pai que tem um lugar guardado no canga\u00e7o, o setanejo responde: \u201cPrimeiro, eu vou me acertar com Tim\u00f3teo, capit\u00e3o. Ele n\u00e3o se meteu com um cangaceiro, se meteu foi comigo. E \u00e9 comigo mesmo que ele vai acertar as contas. Depois eu venho conversar com o senhor\u201d.<\/p>\n<p>Virtuosa (Ana Cec\u00edlia Costa) e Euz\u00e9bio (Enrique Diaz) recebem a not\u00edcia de uma emboscada sofrida pelo filho. Eles v\u00e3o ao acampamento de cangaceiros visit\u00e1-lo, acompanhados de Jesu\u00edno (Cau\u00e3 Reymond) e C\u00edcero (Miguel R\u00f4mulo) conta que sua vida foi salva por Capit\u00e3o Herculano (Domingos Montagner).<\/p>\n<p>Ap\u00f3s agradecer ao cangaceiro, Virtuosa diz que pretende levar o filho embora logo, mas \u00e9 surpreendida pela hesita\u00e7\u00e3o do rapaz. \u201cT\u00f4 com pressa nenhuma de ir embora\u201d, afirma C\u00edcero. Euz\u00e9bio n\u00e3o d\u00e1 ouvidos ao garoto: \u201cDeixe dessa prosa, C\u00edcero. Se tu j\u00e1 t\u00e1 forte para discordar de sua m\u00e3e, j\u00e1 t\u00e1 bom pra voltar para casa tamb\u00e9m\u201d.<\/p>\n<p>Convicto de querer ficar no canga\u00e7o, C\u00edcero diz que encontrou sua nova casa, e surpreende a todos com um pedido ao Rei do Canga\u00e7o: \u201cSe o capit\u00e3o consentir, quero entrar pro canga\u00e7o, minha m\u00e3e. Quero ser um dos homens de capit\u00e3o Herculano\u201d.<\/p>\n<p>Sinopse &#8220;Cordel Encantado&#8221;: Augusto e sua rainha vivem uma vida harmoniosa e feliz, sem imaginar que est\u00e3o cercados por dois vil\u00f5es: \u00darsula (D\u00e9bora Bloch), cunhada do rei, e Nicolau (Luiz Fernando Guimar\u00e3es), o atrapalhado mordomo da corte. A bela, elegante e sofisticada duquesa \u00e9 a pessoa mais perigosa e falsa de todo o reino. Ajudada por Nicolau, seu amante, \u00darsula deseja se tornar rainha. E a viagem a Brogod\u00f3 \u00e9 a chance que a duquesa sempre quis para se livrar de Cristina e da princesa.<\/p>\n<p>A sede de poder da dupla de vil\u00f5es \u00e9 crescente: no Brasil, para onde se muda com a corte europeia, o casal continua a planejar e executar planos para conseguir o que quer. No decorrer da novela, revela-se que Lady Cec\u00edlia (Sofia Terra), que \u00darsula criava como sobrinha, \u00e9 filha da vil\u00e3 com o general Baldini (Em\u00edlio de Mello), militar do ex\u00e9rcito de Ser\u00e1fia do Norte.<\/p>\n<p>Fonte Rede Globo &#8220;Cordel Encantado\u201d<\/p>\n","protected":false},"excerpt":{"rendered":"<p>Novela &#8220;Cordel Encantado&#8221;: Cavalgando pela mata para encontrar o local em que A\u00e7ucena (Bianca Bin) sofreu o acidente, Herculano (Domingos Montagner) escuta gemidos e faz sinal de sil\u00eancio para seus homens. Ao lado de Belarmino (Jo\u00e3o Miguel) e Z\u00f3io-Furado (Tuca Andrada), ele se surpreende ao encontrar C\u00edcero (Miguel R\u00f4mulo) ca\u00eddo no ch\u00e3o, muito fraco e [&hellip;]<\/p>\n","protected":false},"author":2,"featured_media":165215,"comment_status":"open","ping_status":"closed","sticky":false,"template":"","format":"standard","meta":{"tdm_status":"","tdm_grid_status":"","footnotes":""},"categories":[535,388,379,375,343],"tags":[440],"class_list":{"0":"post-168058","1":"post","2":"type-post","3":"status-publish","4":"format-standard","5":"has-post-thumbnail","7":"category-cordel-encantado","8":"category-destaques","9":"category-novelas","10":"category-rede-globo","11":"category-televisao","12":"tag-noticia-novela"},"_links":{"self":[{"href":"https:\/\/migracao.redenoticia.com.br\/noticia\/wp-json\/wp\/v2\/posts\/168058","targetHints":{"allow":["GET"]}}],"collection":[{"href":"https:\/\/migracao.redenoticia.com.br\/noticia\/wp-json\/wp\/v2\/posts"}],"about":[{"href":"https:\/\/migracao.redenoticia.com.br\/noticia\/wp-json\/wp\/v2\/types\/post"}],"author":[{"embeddable":true,"href":"https:\/\/migracao.redenoticia.com.br\/noticia\/wp-json\/wp\/v2\/users\/2"}],"replies":[{"embeddable":true,"href":"https:\/\/migracao.redenoticia.com.br\/noticia\/wp-json\/wp\/v2\/comments?post=168058"}],"version-history":[{"count":0,"href":"https:\/\/migracao.redenoticia.com.br\/noticia\/wp-json\/wp\/v2\/posts\/168058\/revisions"}],"wp:featuredmedia":[{"embeddable":true,"href":"https:\/\/migracao.redenoticia.com.br\/noticia\/wp-json\/wp\/v2\/media\/165215"}],"wp:attachment":[{"href":"https:\/\/migracao.redenoticia.com.br\/noticia\/wp-json\/wp\/v2\/media?parent=168058"}],"wp:term":[{"taxonomy":"category","embeddable":true,"href":"https:\/\/migracao.redenoticia.com.br\/noticia\/wp-json\/wp\/v2\/categories?post=168058"},{"taxonomy":"post_tag","embeddable":true,"href":"https:\/\/migracao.redenoticia.com.br\/noticia\/wp-json\/wp\/v2\/tags?post=168058"}],"curies":[{"name":"wp","href":"https:\/\/api.w.org\/{rel}","templated":true}]}}