{"id":168066,"date":"2019-02-05T17:34:12","date_gmt":"2019-02-05T19:34:12","guid":{"rendered":"https:\/\/www.redenoticia.com.br\/noticia\/?p=168066"},"modified":"2019-02-11T00:19:59","modified_gmt":"2019-02-11T02:19:59","slug":"bbb-19-votacao-em-hana-hariany-e-rizia-movimenta-a-enquete","status":"publish","type":"post","link":"https:\/\/migracao.redenoticia.com.br\/noticia\/2019\/bbb-19-votacao-em-hana-hariany-e-rizia-movimenta-a-enquete\/168066","title":{"rendered":"\u201cBBB\u201d 19: vota\u00e7\u00e3o em Hana, Hariany e R\u00edzia movimentou a enquete"},"content":{"rendered":"<p><em><strong><img loading=\"lazy\" decoding=\"async\" class=\"aligncenter size-large wp-image-166031\" src=\"https:\/\/migracao.redenoticia.com.br\/noticia\/imagens\/BBB-enquete-votacao-resultado-001-329x300.jpg\" alt=\"\" width=\"329\" height=\"300\" srcset=\"https:\/\/migracao.redenoticia.com.br\/noticia\/imagens\/BBB-enquete-votacao-resultado-001-329x300.jpg 329w, https:\/\/migracao.redenoticia.com.br\/noticia\/imagens\/BBB-enquete-votacao-resultado-001-205x187.jpg 205w, https:\/\/migracao.redenoticia.com.br\/noticia\/imagens\/BBB-enquete-votacao-resultado-001-150x137.jpg 150w, https:\/\/migracao.redenoticia.com.br\/noticia\/imagens\/BBB-enquete-votacao-resultado-001-560x510.jpg 560w, https:\/\/migracao.redenoticia.com.br\/noticia\/imagens\/BBB-enquete-votacao-resultado-001.jpg 620w\" sizes=\"auto, (max-width: 329px) 100vw, 329px\" \/>\u201cBBB&#8221; 19 vota\u00e7\u00e3o enquete:<\/strong><\/em> Em 05\/02, Hana recebeu 47,98% dos votos v\u00e1lidos e foi eliminada do programa. R\u00edzia somou 4,52% e Hariany 47,50%. Este pared\u00e3o come\u00e7ou na segunda Prova do L\u00edder, quando Alan ganhou um poder especial e indicou Hariany para o pared\u00e3o. Tereza e Maycon usaram o poder do Anjo e imunizaram Diego. A L\u00edder Carol indicou Hana para o pared\u00e3o. Na vota\u00e7\u00e3o da casa, Hariany e Paula votaram no Alan.<\/p>\n<p>Isabella, Maycon, Diego e Tereza votaram na R\u00edzia. Alan e Hana votaram na Tereza. Elana votou na Isabella. Rodrigo, R\u00edzia e Gabriela votaram no Maycon. Danrley votou na Isabella. A vota\u00e7\u00e3o aconteceu at\u00e9 o programa ao vivo \u201cBBB&#8221; 19 desta ter\u00e7a-feira, 05\/02.<\/p>\n<p><script src=\"https:\/\/secure.polldaddy.com\/p\/10229860.js\" type=\"text\/javascript\" charset=\"utf-8\" data-cfasync=\"false\"><\/script><\/p>\n<p><noscript><a href=\"https:\/\/poll.fm\/10229860\">\u201cBBB\u201d 19: vota\u00e7\u00e3o em Hana, Hariany e R\u00edzia movimenta a enquete<\/a><\/noscript><\/p>\n<p>Resultado Parcial em 04\/02, 20h01<br \/>\nHana 50,09%; R\u00edzia 27,85%; Hariany 22,06%. Total de Votos 23.219.<br \/>\nResultado Parcial em 05\/02, 17h33<br \/>\nHana 49,74%; R\u00edzia 29,25%; Hariany 21,01%. Total de Votos 30.918.<\/p>\n<p>Se voc\u00ea n\u00e3o est\u00e1 vendo a enquete, clique no link: <a href=\"https:\/\/migracao.redenoticia.com.br\/noticia\/2019\/bbb-19-votacao-em-hana-hariany-e-rizia-movimenta-a-enquete\/168066\">\u201cBBB\u201d 19: vota\u00e7\u00e3o em Hana, Hariany e R\u00edzia movimenta a enquete<\/a><\/p>\n<p>Destaques<br \/>\n<a href=\"https:\/\/migracao.redenoticia.com.br\/noticia\/2019\/bbb-19-votacao-em-alan-diego-e-isabella-movimenta-a-enquete\/168920\">\u201cBBB\u201d 19: vota\u00e7\u00e3o em Alan, Diego e Isabella movimenta a enquete.<\/a><br \/>\n<a href=\"https:\/\/migracao.redenoticia.com.br\/noticia\/2019\/diario-bbb-19-provas-de-imunidade-e-super-paredao\/165697\">Di\u00e1rio \u201cBBB\u201d 19<\/a><br \/>\n<a href=\"https:\/\/migracao.redenoticia.com.br\/noticia\/2019\/bbb-19-enquete-quem-merece-vencer-o-programa\/165063\">\u201cBBB\u201d 19 enquete: quem merece vencer o programa<\/a><br \/>\n<a href=\"https:\/\/migracao.redenoticia.com.br\/noticia\/2019\/bbb-19-prova-do-anjo-e-castigo-do-monstro\/166973\">&#8220;BBB&#8221; 19: prova do Anjo e Castigo do Monstro<\/a><br \/>\n<a href=\"https:\/\/migracao.redenoticia.com.br\/noticia\/2019\/bbb19-prova-da-comida\/167994\">&#8220;BBB&#8221;19: Prova da Comida<\/a><\/p>\n<p>A vota\u00e7\u00e3o oficial aconteceu no site do programa.<\/p>\n<p>&#8212;<br \/>\nConcorrentes:<\/p>\n<p>Alan &#8211; empres\u00e1rio e administrador, o brother, de Crici\u00fama (SC), tem 26 anos e \u00e9 considerado mulherengo pela fam\u00edlia.<br \/>\nCarolina &#8211; a baiana tem 33 anos, \u00e9 publicit\u00e1ria e empres\u00e1ria. O seu amuleto \u00e9 dar &#8220;Bom dia&#8221; ao sol.<br \/>\nDanrley &#8211; brother mais jovem da edi\u00e7\u00e3o. O carioca tem 19 anos, cursa Biologia e vende picol\u00e9 na praia nos fins de semana.<br \/>\nDiego &#8211; empres\u00e1rio, campe\u00e3o brasileiro de la\u00e7o e com 30 anos de idade, ele entra na casa solteiro. \u00c9 de Rio Negrinho, Santa Catarina. NUNCA fez dieta.<br \/>\nElana &#8211; tem 25 anos, \u00e9 engenheira agr\u00f4noma e mora no sert\u00e3o do Piau\u00ed. Seu primeiro banho de chuveiro foi aos seis anos de idade.<br \/>\nGabriela &#8211; com 32 anos, a sister mora em Ribeir\u00e3o Preto e \u00e9 designer gr\u00e1fica e percussionista. \u00c9 f\u00e3 de Beyonc\u00e9 e imitava as Spice Girls na inf\u00e2ncia.<br \/>\nHana &#8211; carioca de 22 anos, \u00e9 bacharel em Cinema e produz v\u00eddeos para a internet. J\u00e1 doou medula \u00f3ssea para o irm\u00e3o.<br \/>\nHariany &#8211; mora em Senador Canedo, Goi\u00e1s, tem 21 anos, estuda Design de Moda e sonha em ser famosa. A sister j\u00e1 ficou com tr\u00eas sertanejos famosos.<br \/>\nIsabella &#8211; com 24 anos, a sister \u00e9 de Natal\/RN e morou at\u00e9 os sete anos da It\u00e1lia. Foi Miss Natal 2014.<br \/>\nMaycon &#8211; \u00e9 de Piumhi (MG) e tem 27 anos. Vendedor de queijos e barman, o brother tem vontade de ser cantor. Ele j\u00e1 namorou 12 vezes.<br \/>\nPaula &#8211; Bacharel em Direito, tem 28 anos, \u00e9 de Lagoa Santa, Minas Gerais. A sister \u00e9 dona de uma porca, a Pippa.<br \/>\nR\u00edzia &#8211; de 24 anos. A alagoana, de S\u00e3o Miguel dos Campos, luta por quest\u00f5es sociais. \u00c9 apaixonada por fotografia.<br \/>\nRodrigo &#8211; tem 40 anos, \u00e9 trig\u00eameo e defende a representatividade dos negros. O carioca ensinou a av\u00f3 a ler.<br \/>\nTereza &#8211; pernambucana, tem 52 anos e j\u00e1 se casou seis vezes. Para o seu filho, a participante compartilhava o sonho de entrar no &#8220;BBB&#8221;.<\/p>\n<p>Fonte \u201cBBB&#8221; 19 \u2013 Vota\u00e7\u00e3o Enquete<\/p>\n","protected":false},"excerpt":{"rendered":"<p>\u201cBBB&#8221; 19 vota\u00e7\u00e3o enquete: Em 05\/02, Hana recebeu 47,98% dos votos v\u00e1lidos e foi eliminada do programa. R\u00edzia somou 4,52% e Hariany 47,50%. Este pared\u00e3o come\u00e7ou na segunda Prova do L\u00edder, quando Alan ganhou um poder especial e indicou Hariany para o pared\u00e3o. Tereza e Maycon usaram o poder do Anjo e imunizaram Diego. A [&hellip;]<\/p>\n","protected":false},"author":2,"featured_media":166033,"comment_status":"open","ping_status":"closed","sticky":false,"template":"","format":"standard","meta":{"tdm_status":"","tdm_grid_status":"","footnotes":""},"categories":[375,343],"tags":[466,521],"class_list":{"0":"post-168066","1":"post","2":"type-post","3":"status-publish","4":"format-standard","5":"has-post-thumbnail","7":"category-rede-globo","8":"category-televisao","9":"tag-bbb","10":"tag-enquete"},"_links":{"self":[{"href":"https:\/\/migracao.redenoticia.com.br\/noticia\/wp-json\/wp\/v2\/posts\/168066","targetHints":{"allow":["GET"]}}],"collection":[{"href":"https:\/\/migracao.redenoticia.com.br\/noticia\/wp-json\/wp\/v2\/posts"}],"about":[{"href":"https:\/\/migracao.redenoticia.com.br\/noticia\/wp-json\/wp\/v2\/types\/post"}],"author":[{"embeddable":true,"href":"https:\/\/migracao.redenoticia.com.br\/noticia\/wp-json\/wp\/v2\/users\/2"}],"replies":[{"embeddable":true,"href":"https:\/\/migracao.redenoticia.com.br\/noticia\/wp-json\/wp\/v2\/comments?post=168066"}],"version-history":[{"count":0,"href":"https:\/\/migracao.redenoticia.com.br\/noticia\/wp-json\/wp\/v2\/posts\/168066\/revisions"}],"wp:featuredmedia":[{"embeddable":true,"href":"https:\/\/migracao.redenoticia.com.br\/noticia\/wp-json\/wp\/v2\/media\/166033"}],"wp:attachment":[{"href":"https:\/\/migracao.redenoticia.com.br\/noticia\/wp-json\/wp\/v2\/media?parent=168066"}],"wp:term":[{"taxonomy":"category","embeddable":true,"href":"https:\/\/migracao.redenoticia.com.br\/noticia\/wp-json\/wp\/v2\/categories?post=168066"},{"taxonomy":"post_tag","embeddable":true,"href":"https:\/\/migracao.redenoticia.com.br\/noticia\/wp-json\/wp\/v2\/tags?post=168066"}],"curies":[{"name":"wp","href":"https:\/\/api.w.org\/{rel}","templated":true}]}}