{"id":168172,"date":"2019-02-04T23:35:43","date_gmt":"2019-02-05T01:35:43","guid":{"rendered":"https:\/\/www.redenoticia.com.br\/noticia\/?p=168172"},"modified":"2019-02-04T23:35:45","modified_gmt":"2019-02-05T01:35:45","slug":"mercado-projeta-selic-em-65-ao-ano-em-2019","status":"publish","type":"post","link":"https:\/\/migracao.redenoticia.com.br\/noticia\/2019\/mercado-projeta-selic-em-65-ao-ano-em-2019\/168172","title":{"rendered":"Mercado projeta Selic em 6,5% ao ano em 2019"},"content":{"rendered":"<p>Institui\u00e7\u00f5es financeiras, consultadas pelo Banco Central (BC), n\u00e3o esperam mais por aumento na <em><strong>taxa b\u00e1sica de juros, a Selic<\/strong><\/em>, neste ano. A previs\u00e3o para a taxa ao final de 2019 passou de 7% para 6,5% ao ano, atual patamar da Selic.<\/p>\n<p>Para 2020, no entanto, o mercado financeiro projeta aumento da Selic, com a taxa encerrando o per\u00edodo em 8% ao ano. Essas proje\u00e7\u00f5es est\u00e3o no Boletim Focus, pesquisa semanal do BC feita a institui\u00e7\u00f5es financeiras sobre os principais indicadores econ\u00f4micos.<\/p>\n<p>A primeira reuni\u00e3o deste ano do Comit\u00ea de Pol\u00edtica Monet\u00e1ria (Copom) do Banco Central, respons\u00e1vel por definir a Selic, come\u00e7a nesta ter\u00e7a (5).<\/p>\n<p>O Copom re\u00fane-se a cada 45 dias. No primeiro dia da reuni\u00e3o, s\u00e3o feitas apresenta\u00e7\u00f5es t\u00e9cnicas sobre a evolu\u00e7\u00e3o e perspectivas das economias brasileira e mundial e o comportamento do mercado financeiro. No segundo dia, os membros do Copom, formado pela diretoria do BC, definem a Selic.<\/p>\n<p>O Banco Central atua diariamente por meio de opera\u00e7\u00f5es de mercado aberto \u2013 comprando e vendendo t\u00edtulos p\u00fablicos federais \u2013 para manter a taxa de juros pr\u00f3xima ao valor definido na reuni\u00e3o.<\/p>\n<p>A Selic, que serve de refer\u00eancia para os demais juros da economia, \u00e9 a taxa m\u00e9dia cobrada nas negocia\u00e7\u00f5es com t\u00edtulos emitidos pelo Tesouro Nacional, registradas diariamente no Sistema Especial de Liquida\u00e7\u00e3o e de Cust\u00f3dia (Selic).<\/p>\n<p>A manuten\u00e7\u00e3o da Selic, como prev\u00ea o mercado financeiro, indica que o Copom considera as altera\u00e7\u00f5es anteriores nos juros b\u00e1sicos suficientes para chegar \u00e0 meta de infla\u00e7\u00e3o, objetivo que deve ser perseguido pelo BC.<\/p>\n<p>Ao reduzir os juros b\u00e1sicos, a tend\u00eancia \u00e9 diminuir os custos do cr\u00e9dito e incentivar a produ\u00e7\u00e3o e o consumo. Entretanto, as taxas de juros do cr\u00e9dito n\u00e3o caem na mesma propor\u00e7\u00e3o da Selic. Segundo o BC, isso ocorre porque a Selic \u00e9 apenas uma parte do custo do cr\u00e9dito.<\/p>\n<p>Para cortar a Selic, a autoridade monet\u00e1ria precisa estar segura de que os pre\u00e7os est\u00e3o sob controle e n\u00e3o correm risco de ficar acima da meta de infla\u00e7\u00e3o. Quando o Copom aumenta a Selic, o objetivo \u00e9 conter a demanda aquecida, e isso causa reflexos nos pre\u00e7os porque os juros mais altos encarecem o cr\u00e9dito e estimulam a poupan\u00e7a.<\/p>\n<p>Infla\u00e7\u00e3o<br \/>\nA meta de infla\u00e7\u00e3o deste ano, definida pelo Conselho Monet\u00e1rio Nacional, \u00e9 4,25%, com intervalo de toler\u00e2ncia entre 2,75% e 5,75%. Para o mercado financeiro, a infla\u00e7\u00e3o deve ficar em 3,94% neste ano. Na semana passada, a estimativa estava em 4%. Para 2020, a previs\u00e3o \u00e9 que o IPCA fique na meta, em 4%. O valor para o pr\u00f3ximo ano tem intervalo de toler\u00e2ncia de 1,5 ponto percentual para cima ou para baixo.<\/p>\n<p>A proje\u00e7\u00e3o para a expans\u00e3o do Produto Interno Bruto (PIB) \u2013 a soma de todos os bens e servi\u00e7os produzidos no pa\u00eds \u2013 foi mantida em 2,50%, em 2019 e 2020.<\/p>\n<p>A previs\u00e3o do mercado financeiro para a cota\u00e7\u00e3o do d\u00f3lar passou de R$ 3,75 para R$ 3,70 no final deste ano, e de R$ 3,78 para R$ 3,75, no fim de 2020.<\/p>\n<p>04\/02\/2019<br \/>\nPor Kelly Oliveira \u2013 Rep\u00f3rter da Ag\u00eancia Brasil<br \/>\nEdi\u00e7\u00e3o: Talita Cavalcante<br \/>\nhttp:\/\/agenciabrasil.ebc.com.br\/economia<\/p>\n","protected":false},"excerpt":{"rendered":"<p>Institui\u00e7\u00f5es financeiras, consultadas pelo Banco Central (BC), n\u00e3o esperam mais por aumento na taxa b\u00e1sica de juros, a Selic, neste ano. A previs\u00e3o para a taxa ao final de 2019 passou de 7% para 6,5% ao ano, atual patamar da Selic. Para 2020, no entanto, o mercado financeiro projeta aumento da Selic, com a taxa [&hellip;]<\/p>\n","protected":false},"author":2,"featured_media":148303,"comment_status":"open","ping_status":"closed","sticky":false,"template":"","format":"standard","meta":{"tdm_status":"","tdm_grid_status":"","footnotes":""},"categories":[22,388,7],"tags":[],"class_list":{"0":"post-168172","1":"post","2":"type-post","3":"status-publish","4":"format-standard","5":"has-post-thumbnail","7":"category-brasil","8":"category-destaques","9":"category-economia"},"_links":{"self":[{"href":"https:\/\/migracao.redenoticia.com.br\/noticia\/wp-json\/wp\/v2\/posts\/168172","targetHints":{"allow":["GET"]}}],"collection":[{"href":"https:\/\/migracao.redenoticia.com.br\/noticia\/wp-json\/wp\/v2\/posts"}],"about":[{"href":"https:\/\/migracao.redenoticia.com.br\/noticia\/wp-json\/wp\/v2\/types\/post"}],"author":[{"embeddable":true,"href":"https:\/\/migracao.redenoticia.com.br\/noticia\/wp-json\/wp\/v2\/users\/2"}],"replies":[{"embeddable":true,"href":"https:\/\/migracao.redenoticia.com.br\/noticia\/wp-json\/wp\/v2\/comments?post=168172"}],"version-history":[{"count":0,"href":"https:\/\/migracao.redenoticia.com.br\/noticia\/wp-json\/wp\/v2\/posts\/168172\/revisions"}],"wp:featuredmedia":[{"embeddable":true,"href":"https:\/\/migracao.redenoticia.com.br\/noticia\/wp-json\/wp\/v2\/media\/148303"}],"wp:attachment":[{"href":"https:\/\/migracao.redenoticia.com.br\/noticia\/wp-json\/wp\/v2\/media?parent=168172"}],"wp:term":[{"taxonomy":"category","embeddable":true,"href":"https:\/\/migracao.redenoticia.com.br\/noticia\/wp-json\/wp\/v2\/categories?post=168172"},{"taxonomy":"post_tag","embeddable":true,"href":"https:\/\/migracao.redenoticia.com.br\/noticia\/wp-json\/wp\/v2\/tags?post=168172"}],"curies":[{"name":"wp","href":"https:\/\/api.w.org\/{rel}","templated":true}]}}