{"id":168179,"date":"2019-02-04T23:45:52","date_gmt":"2019-02-05T01:45:52","guid":{"rendered":"https:\/\/www.redenoticia.com.br\/noticia\/?p=168179"},"modified":"2019-02-04T23:45:55","modified_gmt":"2019-02-05T01:45:55","slug":"treinamento-tecnico-em-mineracao-de-dados-com-bolsa-da-fapesp","status":"publish","type":"post","link":"https:\/\/migracao.redenoticia.com.br\/noticia\/2019\/treinamento-tecnico-em-mineracao-de-dados-com-bolsa-da-fapesp\/168179","title":{"rendered":"Treinamento t\u00e9cnico em Minera\u00e7\u00e3o de Dados com bolsa da FAPESP"},"content":{"rendered":"<p>Ag\u00eancia FAPESP \u2013 O projeto \u201cGerenciamento de metadados de grandes volumes de dados de sensoriamento remoto\u201d disp\u00f5e de uma vaga de <em><strong>treinamento t\u00e9cnico<\/strong><\/em> n\u00edvel quatro (TT-4) com bolsa da FAPESP. O prazo de inscri\u00e7\u00e3o se encerra no dia 15 de fevereiro de 2019.<\/p>\n<p>O bolsista participar\u00e1 de pesquisa no Instituto Nacional de Pesquisas Espaciais (Inpe), na Divis\u00e3o de Processamento de Imagens. O projeto produzir\u00e1 uma metodologia de gera\u00e7\u00e3o de metadados para imagens de sat\u00e9lite baseada em conte\u00fado, como florestas e desmatamentos, por meio de opera\u00e7\u00f5es b\u00e1sicas de processamento de imagens, aliadas a t\u00e9cnicas de minera\u00e7\u00e3o de dados e gerenciamento de grandes volumes de dados.<\/p>\n<p>Os candidatos podem se inscrever enviando e-mail para o coordenador do projeto, o professor Thales Sehn K\u00f6rting (thales.korting@inpe.br). Mais informa\u00e7\u00f5es sobre a vaga: www.fapesp.br\/oportunidades\/2615.<\/p>\n<p>O bolsista selecionado receber\u00e1 Bolsa FAPESP de Treinamento T\u00e9cnico n\u00edvel 4 no valor de R$ 3.021,60 sem v\u00ednculo empregat\u00edcio, por dois anos com dedica\u00e7\u00e3o de 40 horas semanais \u00e0s atividades de apoio ao projeto de pesquisa. Aceita-se um per\u00edodo de dedica\u00e7\u00e3o semanal em home office.<\/p>\n<p>Mais informa\u00e7\u00f5es sobre as bolsas de treinamento t\u00e9cnico em www.fapesp.br\/bolsas\/tt.<\/p>\n<p>Outras vagas de bolsas, em diversas \u00e1reas do conhecimento, est\u00e3o no site FAPESP-Oportunidades, em www.fapesp.br\/oportunidades.<\/p>\n<p>http:\/\/agencia.fapesp.br\/treinamento-tecnico-em-mineracao-de-dados-com-bolsa-da-fapesp\/29683\/<\/p>\n","protected":false},"excerpt":{"rendered":"<p>Ag\u00eancia FAPESP \u2013 O projeto \u201cGerenciamento de metadados de grandes volumes de dados de sensoriamento remoto\u201d disp\u00f5e de uma vaga de treinamento t\u00e9cnico n\u00edvel quatro (TT-4) com bolsa da FAPESP. O prazo de inscri\u00e7\u00e3o se encerra no dia 15 de fevereiro de 2019. O bolsista participar\u00e1 de pesquisa no Instituto Nacional de Pesquisas Espaciais (Inpe), [&hellip;]<\/p>\n","protected":false},"author":2,"featured_media":148156,"comment_status":"open","ping_status":"closed","sticky":false,"template":"","format":"standard","meta":{"tdm_status":"","tdm_grid_status":"","footnotes":""},"categories":[370,353],"tags":[],"class_list":{"0":"post-168179","1":"post","2":"type-post","3":"status-publish","4":"format-standard","5":"has-post-thumbnail","7":"category-inscricao","8":"category-oportunidades"},"_links":{"self":[{"href":"https:\/\/migracao.redenoticia.com.br\/noticia\/wp-json\/wp\/v2\/posts\/168179","targetHints":{"allow":["GET"]}}],"collection":[{"href":"https:\/\/migracao.redenoticia.com.br\/noticia\/wp-json\/wp\/v2\/posts"}],"about":[{"href":"https:\/\/migracao.redenoticia.com.br\/noticia\/wp-json\/wp\/v2\/types\/post"}],"author":[{"embeddable":true,"href":"https:\/\/migracao.redenoticia.com.br\/noticia\/wp-json\/wp\/v2\/users\/2"}],"replies":[{"embeddable":true,"href":"https:\/\/migracao.redenoticia.com.br\/noticia\/wp-json\/wp\/v2\/comments?post=168179"}],"version-history":[{"count":0,"href":"https:\/\/migracao.redenoticia.com.br\/noticia\/wp-json\/wp\/v2\/posts\/168179\/revisions"}],"wp:featuredmedia":[{"embeddable":true,"href":"https:\/\/migracao.redenoticia.com.br\/noticia\/wp-json\/wp\/v2\/media\/148156"}],"wp:attachment":[{"href":"https:\/\/migracao.redenoticia.com.br\/noticia\/wp-json\/wp\/v2\/media?parent=168179"}],"wp:term":[{"taxonomy":"category","embeddable":true,"href":"https:\/\/migracao.redenoticia.com.br\/noticia\/wp-json\/wp\/v2\/categories?post=168179"},{"taxonomy":"post_tag","embeddable":true,"href":"https:\/\/migracao.redenoticia.com.br\/noticia\/wp-json\/wp\/v2\/tags?post=168179"}],"curies":[{"name":"wp","href":"https:\/\/api.w.org\/{rel}","templated":true}]}}