{"id":168248,"date":"2019-02-05T23:35:50","date_gmt":"2019-02-06T01:35:50","guid":{"rendered":"https:\/\/www.redenoticia.com.br\/noticia\/?p=168248"},"modified":"2019-02-05T23:45:18","modified_gmt":"2019-02-06T01:45:18","slug":"enquete-bbb-19-votacao-quem-sai-no-paredao-hana-hariany-e-rizia","status":"publish","type":"post","link":"https:\/\/migracao.redenoticia.com.br\/noticia\/2019\/enquete-bbb-19-votacao-quem-sai-no-paredao-hana-hariany-e-rizia\/168248","title":{"rendered":"Enquete &#8220;BBB&#8221; 19 vota\u00e7\u00e3o: quem sai no pared\u00e3o Hana, Hariany e R\u00edzia"},"content":{"rendered":"\n<div class=\"wp-block-image\"><figure class=\"aligncenter\"><img loading=\"lazy\" decoding=\"async\" width=\"329\" height=\"300\" src=\"https:\/\/migracao.redenoticia.com.br\/noticia\/imagens\/BBB-enquete-votacao-resultado-001-329x300.jpg\" alt=\"Big Brother Brasil BBB 19 Enquete Vota\u00e7\u00e3o Resultado\" class=\"wp-image-166031\" srcset=\"https:\/\/migracao.redenoticia.com.br\/noticia\/imagens\/BBB-enquete-votacao-resultado-001-329x300.jpg 329w, https:\/\/migracao.redenoticia.com.br\/noticia\/imagens\/BBB-enquete-votacao-resultado-001-205x187.jpg 205w, https:\/\/migracao.redenoticia.com.br\/noticia\/imagens\/BBB-enquete-votacao-resultado-001-150x137.jpg 150w, https:\/\/migracao.redenoticia.com.br\/noticia\/imagens\/BBB-enquete-votacao-resultado-001-560x510.jpg 560w, https:\/\/migracao.redenoticia.com.br\/noticia\/imagens\/BBB-enquete-votacao-resultado-001.jpg 620w\" sizes=\"auto, (max-width: 329px) 100vw, 329px\" \/><\/figure><\/div>\n\n\n<p>A <em><strong>enquete &#8220;BBB&#8221; 19 que pesquisa a vota\u00e7\u00e3o<\/strong><\/em> no pared\u00e3o entre <em><strong>Hana, Hariany e R\u00edzia<\/strong><\/em> indica que&nbsp;&nbsp;<em><strong>quem sai no pared\u00e3o<\/strong><\/em> pode ser Hana. Em 05\/02, \u00e0s 17h26, Hariany e R\u00edzia permanecem com a prefer\u00eancia do p\u00fablico.&nbsp; O resultado oficial sai no programa desta ter\u00e7a, 05.<\/p>\n<p>Veja o resultado parcial da vota\u00e7\u00e3o na enquete que pesquisa &#8211; &#8220;BBB&#8221; 19: vota\u00e7\u00e3o em Hana, Hariany e R\u00edzia movimenta a enquete<\/p>\n<p>Hana  49,75%  (15.374 votos)<\/p>\n<p>R\u00edzia  29,26%  (9.041 votos)<\/p>\n<p>Hariany  20,99%  (6.489 votos)<\/p>\n<p>Total de Votos 30.904.<\/p>\n<p>Em 05\/02, Hana recebeu 47,98% dos votos v\u00e1lidos e foi eliminada do programa. R\u00edzia somou 4,52% e Hariany 47,50%.<\/p>\n<p>Conhe\u00e7a os BBB`s desta edi\u00e7\u00e3o:<\/p>\n<p>Alan \u2013 empres\u00e1rio e administrador, o brother, de Crici\u00fama (SC), tem 26 anos e \u00e9 considerado mulherengo pela fam\u00edlia.<\/p>\n<p>Carolina \u2013 a baiana tem 33 anos, \u00e9 publicit\u00e1ria e empres\u00e1ria. O seu amuleto \u00e9 dar \u201cBom dia\u201d ao sol.<\/p>\n<p>Danrley \u2013 brother mais jovem da edi\u00e7\u00e3o. O carioca tem 19 anos, cursa Biologia e vende picol\u00e9 na praia nos fins de semana.<\/p>\n<p>Diego \u2013 empres\u00e1rio, campe\u00e3o brasileiro de la\u00e7o e com 30 anos de idade, ele entra na casa solteiro. \u00c9 de Rio Negrinho, Santa Catarina. NUNCA fez dieta.<\/p>\n<p>Elana \u2013 tem 25 anos, \u00e9 engenheira agr\u00f4noma e mora no sert\u00e3o do Piau\u00ed. Seu primeiro banho de chuveiro foi aos seis anos de idade.<\/p>\n<p>F\u00e1bio \u2013 desclassificado antes de entrar no programa. Ele n\u00e3o ser\u00e1 substitu\u00eddo.<\/p>\n<p>Gabriela \u2013 com 32 anos, a sister mora em Ribeir\u00e3o Preto e \u00e9 designer gr\u00e1fica e percussionista. \u00c9 f\u00e3 de Beyonc\u00e9 e imitava as Spice Girls na inf\u00e2ncia.<\/p>\n<p>Hana \u2013 carioca de 22 anos, \u00e9 bacharel em Cinema e produz v\u00eddeos para a internet. J\u00e1 doou medula \u00f3ssea para o irm\u00e3o.<\/p>\n<p>Hariany \u2013 mora em Senador Canedo, Goi\u00e1s, tem 21 anos, estuda Design de Moda e sonha em ser famosa. A sister j\u00e1 ficou com tr\u00eas sertanejos famosos.<\/p>\n<p>Isabella \u2013 com 24 anos, a sister \u00e9 de Natal\/RN e morou at\u00e9 os sete anos da It\u00e1lia. Foi Miss Natal 2014.<\/p>\n<p>Maycon \u2013 \u00e9 de Piumhi (MG) e tem 27 anos. Vendedor de queijos e barman, o brother tem vontade de ser cantor. Ele j\u00e1 namorou 12 vezes.<\/p>\n<p>Paula \u2013 Bacharel em Direito, tem 28 anos, \u00e9 de Lagoa Santa, Minas Gerais. A sister \u00e9 dona de uma porca, a Pippa.<\/p>\n<p>R\u00edzia \u2013 de 24 anos. A alagoana, de S\u00e3o Miguel dos Campos, luta por quest\u00f5es sociais. \u00c9 apaixonada por fotografia.<\/p>\n<p>Rodrigo \u2013 tem 40 anos, \u00e9 trig\u00eameo e defende a representatividade dos negros. O carioca ensinou a av\u00f3 a ler.<\/p>\n<p>Tereza \u2013 pernambucana, tem 52 anos e j\u00e1 se casou seis vezes. Para o seu filho, a participante compartilhava o sonho de entrar no \u201cBBB\u201d.<\/p>\n<p>Vanderson \u2013 de Rio Branco (AC). O bi\u00f3logo de 35 anos percorre aldeias ind\u00edgenas capacitando professores em Ci\u00eancia da Natureza. Ele faz croch\u00ea e toca ukulele.<\/p>\n<p>Vinicius \u2013 artista pl\u00e1stico, de Belo Horizonte (MG), 40 anos, \u00e9 apaixonado por m\u00fasica eletr\u00f4nica e promete movimentar a casa com seu jeito impaciente.<\/p>","protected":false},"excerpt":{"rendered":"<p>A enquete &#8220;BBB&#8221; 19 que pesquisa a vota\u00e7\u00e3o no pared\u00e3o entre Hana, Hariany e R\u00edzia indica que&nbsp;&nbsp;quem sai no pared\u00e3o pode ser Hana. Em 05\/02, \u00e0s 17h26, Hariany e R\u00edzia permanecem com a prefer\u00eancia do p\u00fablico.&nbsp; O resultado oficial sai no programa desta ter\u00e7a, 05. Veja o resultado parcial da vota\u00e7\u00e3o na enquete que pesquisa [&hellip;]<\/p>\n","protected":false},"author":2,"featured_media":166032,"comment_status":"open","ping_status":"closed","sticky":false,"template":"","format":"standard","meta":{"tdm_status":"","tdm_grid_status":"","footnotes":""},"categories":[375,343],"tags":[466,521],"class_list":{"0":"post-168248","1":"post","2":"type-post","3":"status-publish","4":"format-standard","5":"has-post-thumbnail","7":"category-rede-globo","8":"category-televisao","9":"tag-bbb","10":"tag-enquete"},"_links":{"self":[{"href":"https:\/\/migracao.redenoticia.com.br\/noticia\/wp-json\/wp\/v2\/posts\/168248","targetHints":{"allow":["GET"]}}],"collection":[{"href":"https:\/\/migracao.redenoticia.com.br\/noticia\/wp-json\/wp\/v2\/posts"}],"about":[{"href":"https:\/\/migracao.redenoticia.com.br\/noticia\/wp-json\/wp\/v2\/types\/post"}],"author":[{"embeddable":true,"href":"https:\/\/migracao.redenoticia.com.br\/noticia\/wp-json\/wp\/v2\/users\/2"}],"replies":[{"embeddable":true,"href":"https:\/\/migracao.redenoticia.com.br\/noticia\/wp-json\/wp\/v2\/comments?post=168248"}],"version-history":[{"count":0,"href":"https:\/\/migracao.redenoticia.com.br\/noticia\/wp-json\/wp\/v2\/posts\/168248\/revisions"}],"wp:featuredmedia":[{"embeddable":true,"href":"https:\/\/migracao.redenoticia.com.br\/noticia\/wp-json\/wp\/v2\/media\/166032"}],"wp:attachment":[{"href":"https:\/\/migracao.redenoticia.com.br\/noticia\/wp-json\/wp\/v2\/media?parent=168248"}],"wp:term":[{"taxonomy":"category","embeddable":true,"href":"https:\/\/migracao.redenoticia.com.br\/noticia\/wp-json\/wp\/v2\/categories?post=168248"},{"taxonomy":"post_tag","embeddable":true,"href":"https:\/\/migracao.redenoticia.com.br\/noticia\/wp-json\/wp\/v2\/tags?post=168248"}],"curies":[{"name":"wp","href":"https:\/\/api.w.org\/{rel}","templated":true}]}}