{"id":168258,"date":"2019-02-05T18:01:12","date_gmt":"2019-02-05T20:01:12","guid":{"rendered":"https:\/\/www.redenoticia.com.br\/noticia\/?p=168258"},"modified":"2019-02-05T18:01:13","modified_gmt":"2019-02-05T20:01:13","slug":"novela-cordel-encantado-acucena-magoa-o-rei","status":"publish","type":"post","link":"https:\/\/migracao.redenoticia.com.br\/noticia\/2019\/novela-cordel-encantado-acucena-magoa-o-rei\/168258","title":{"rendered":"Novela &#8220;Cordel Encantado&#8221;: A\u00e7ucena magoa o Rei"},"content":{"rendered":"<p><strong><em><img loading=\"lazy\" decoding=\"async\" class=\"aligncenter size-large wp-image-165215\" src=\"https:\/\/migracao.redenoticia.com.br\/noticia\/imagens\/cordel-003-400x300.jpg\" alt=\"\" width=\"400\" height=\"300\" srcset=\"https:\/\/migracao.redenoticia.com.br\/noticia\/imagens\/cordel-003-400x300.jpg 400w, https:\/\/migracao.redenoticia.com.br\/noticia\/imagens\/cordel-003-250x187.jpg 250w, https:\/\/migracao.redenoticia.com.br\/noticia\/imagens\/cordel-003-150x113.jpg 150w, https:\/\/migracao.redenoticia.com.br\/noticia\/imagens\/cordel-003-265x198.jpg 265w, https:\/\/migracao.redenoticia.com.br\/noticia\/imagens\/cordel-003.jpg 480w\" sizes=\"auto, (max-width: 400px) 100vw, 400px\" \/>Novela &#8220;Cordel Encantado&#8221;:<\/em><\/strong> Ap\u00f3s levar um susto com a quantidade de fot\u00f3grafos em sua apresenta\u00e7\u00e3o \u00e0 imprensa como princesa, A\u00e7ucena (Bianca Bin) chora amparada por seus pais adotivos e Jesu\u00edno (Cau\u00e3 Reymond).<\/p>\n<p>Todos tentam faz\u00ea-la descer ao sal\u00e3o novamente. \u201cO rei demorou tanto para lhe encontrar&#8230; E o povo l\u00e1 embaixo veio conhecer a princesa. Voc\u00ea!\u201d, incentiva Euz\u00e9bio (Enrique Diaz).<\/p>\n<p>Mas A\u00e7ucena n\u00e3o quer descer. \u201cQuero l\u00e1 saber de ser princesa? Quero \u00e9 casar com Jesu\u00edno e ir para a nossa casinha em Vila da Cruz. Eu n\u00e3o gosto desse lugar, nem dessa gente&#8230;\u201d, afirma. A tempo de ouvir a jovem, Augusto (Carmo Dalla Vecchia) entra no quarto com Efig\u00eania (Berta Loran) e Padre Joaquim (Gen\u00e9zio de Barros).<\/p>\n<p>Magoado, o rei responde: \u201cEssa gente, Aurora&#8230; queira ou n\u00e3o&#8230; \u00e9 a sua fam\u00edlia! A fam\u00edlia real de Ser\u00e1fia\u201d.<\/p>\n<p>Augusto sai triste e, no quarto de Fausto (Renato G\u00f3es), se consola com a rainha-m\u00e3e. \u201cSer\u00e1 que ela prefere continuar vivendo na pobreza, como se fosse uma plebeia qualquer? (&#8230;) Ela tem responsabilidades que deveriam estar acima de tudo! A paz do nosso reino depende do casamento dela com Felipe (Jayme Matarazzo)!\u201d, afirma.<\/p>\n<p>Efig\u00eania tenta acalmar o filho e diz para ele tentar ser compreensivo com A\u00e7ucena.<\/p>\n<p>Efig\u00eania tenta faz\u00ea-lo entender que A\u00e7ucena cresceu em um mundo diferente de Ser\u00e1fia e que \u00e9 preciso paci\u00eancia para que ela se aproxime deles. Ainda triste, Augusto afirma que vai fazer de tudo para t\u00ea-la ao seu lado. \u201cEla vai ter que voltar comigo para Ser\u00e1fia e se casar com Felipe. Desse destino, ela n\u00e3o pode escapar\u201d.<\/p>\n<p>Sinopse &#8220;Cordel Encantado&#8221;: Augusto e sua rainha vivem uma vida harmoniosa e feliz, sem imaginar que est\u00e3o cercados por dois vil\u00f5es: \u00darsula (D\u00e9bora Bloch), cunhada do rei, e Nicolau (Luiz Fernando Guimar\u00e3es), o atrapalhado mordomo da corte. A bela, elegante e sofisticada duquesa \u00e9 a pessoa mais perigosa e falsa de todo o reino. Ajudada por Nicolau, seu amante, \u00darsula deseja se tornar rainha. E a viagem a Brogod\u00f3 \u00e9 a chance que a duquesa sempre quis para se livrar de Cristina e da princesa.<\/p>\n<p>A sede de poder da dupla de vil\u00f5es \u00e9 crescente: no Brasil, para onde se muda com a corte europeia, o casal continua a planejar e executar planos para conseguir o que quer. No decorrer da novela, revela-se que Lady Cec\u00edlia (Sofia Terra), que \u00darsula criava como sobrinha, \u00e9 filha da vil\u00e3 com o general Baldini (Em\u00edlio de Mello), militar do ex\u00e9rcito de Ser\u00e1fia do Norte.<\/p>\n<p>Fonte Rede Globo &#8220;Cordel Encantado\u201d<\/p>\n","protected":false},"excerpt":{"rendered":"<p>Novela &#8220;Cordel Encantado&#8221;: Ap\u00f3s levar um susto com a quantidade de fot\u00f3grafos em sua apresenta\u00e7\u00e3o \u00e0 imprensa como princesa, A\u00e7ucena (Bianca Bin) chora amparada por seus pais adotivos e Jesu\u00edno (Cau\u00e3 Reymond). Todos tentam faz\u00ea-la descer ao sal\u00e3o novamente. \u201cO rei demorou tanto para lhe encontrar&#8230; E o povo l\u00e1 embaixo veio conhecer a princesa. [&hellip;]<\/p>\n","protected":false},"author":2,"featured_media":165213,"comment_status":"open","ping_status":"closed","sticky":false,"template":"","format":"standard","meta":{"tdm_status":"","tdm_grid_status":"","footnotes":""},"categories":[535,388,379,375,343],"tags":[440],"class_list":{"0":"post-168258","1":"post","2":"type-post","3":"status-publish","4":"format-standard","5":"has-post-thumbnail","7":"category-cordel-encantado","8":"category-destaques","9":"category-novelas","10":"category-rede-globo","11":"category-televisao","12":"tag-noticia-novela"},"_links":{"self":[{"href":"https:\/\/migracao.redenoticia.com.br\/noticia\/wp-json\/wp\/v2\/posts\/168258","targetHints":{"allow":["GET"]}}],"collection":[{"href":"https:\/\/migracao.redenoticia.com.br\/noticia\/wp-json\/wp\/v2\/posts"}],"about":[{"href":"https:\/\/migracao.redenoticia.com.br\/noticia\/wp-json\/wp\/v2\/types\/post"}],"author":[{"embeddable":true,"href":"https:\/\/migracao.redenoticia.com.br\/noticia\/wp-json\/wp\/v2\/users\/2"}],"replies":[{"embeddable":true,"href":"https:\/\/migracao.redenoticia.com.br\/noticia\/wp-json\/wp\/v2\/comments?post=168258"}],"version-history":[{"count":0,"href":"https:\/\/migracao.redenoticia.com.br\/noticia\/wp-json\/wp\/v2\/posts\/168258\/revisions"}],"wp:featuredmedia":[{"embeddable":true,"href":"https:\/\/migracao.redenoticia.com.br\/noticia\/wp-json\/wp\/v2\/media\/165213"}],"wp:attachment":[{"href":"https:\/\/migracao.redenoticia.com.br\/noticia\/wp-json\/wp\/v2\/media?parent=168258"}],"wp:term":[{"taxonomy":"category","embeddable":true,"href":"https:\/\/migracao.redenoticia.com.br\/noticia\/wp-json\/wp\/v2\/categories?post=168258"},{"taxonomy":"post_tag","embeddable":true,"href":"https:\/\/migracao.redenoticia.com.br\/noticia\/wp-json\/wp\/v2\/tags?post=168258"}],"curies":[{"name":"wp","href":"https:\/\/api.w.org\/{rel}","templated":true}]}}