{"id":168259,"date":"2019-02-05T18:00:09","date_gmt":"2019-02-05T20:00:09","guid":{"rendered":"https:\/\/www.redenoticia.com.br\/noticia\/?p=168259"},"modified":"2019-02-05T18:00:11","modified_gmt":"2019-02-05T20:00:11","slug":"novela-cordel-encantado-acucena-coloca-ursula-contra-a-parede","status":"publish","type":"post","link":"https:\/\/migracao.redenoticia.com.br\/noticia\/2019\/novela-cordel-encantado-acucena-coloca-ursula-contra-a-parede\/168259","title":{"rendered":"Novela &#8220;Cordel Encantado&#8221;: A\u00e7ucena coloca \u00darsula contra a parede"},"content":{"rendered":"<p><strong><em><img loading=\"lazy\" decoding=\"async\" class=\"aligncenter size-large wp-image-165213\" src=\"https:\/\/migracao.redenoticia.com.br\/noticia\/imagens\/cordel-005-400x181.jpg\" alt=\"\" width=\"400\" height=\"181\" srcset=\"https:\/\/migracao.redenoticia.com.br\/noticia\/imagens\/cordel-005-400x181.jpg 400w, https:\/\/migracao.redenoticia.com.br\/noticia\/imagens\/cordel-005-250x113.jpg 250w, https:\/\/migracao.redenoticia.com.br\/noticia\/imagens\/cordel-005-150x68.jpg 150w, https:\/\/migracao.redenoticia.com.br\/noticia\/imagens\/cordel-005-560x254.jpg 560w, https:\/\/migracao.redenoticia.com.br\/noticia\/imagens\/cordel-005.jpg 686w\" sizes=\"auto, (max-width: 400px) 100vw, 400px\" \/>Novela &#8220;Cordel Encantado&#8221;:<\/em><\/strong> Jesu\u00edno (Cau\u00e3 Reymond) e A\u00e7ucena (Bianca Bin) conversam a s\u00f3s e ele pede para sua noiva tomar cuidado com \u00darsula (D\u00e9bora Bloch): &#8220;E voc\u00ea, fique de olho nessa duquesa, que meu faro ficou em alerta com ela. N\u00e3o gosto do jeito dessa mulher.&#8221;<\/p>\n<p>Intrigada, ela encontra com \u00darsula e resolve pression\u00e1-la. &#8220;O acidente que eu sofri na sua carro\u00e7a foi muito feio. Milagre maior ainda se deu com a senhora, que n\u00e3o se feriu! Como \u00e9 que pode?! Me diga! Por que \u00e9 que n\u00e3o lhe aconteceu nada?\u201d, pergunta A\u00e7ucena, incisiva.<\/p>\n<p>\u00darsula fica surpresa com o interrogat\u00f3rio e responde. \u201cS\u00f3 n\u00e3o nos ferimos mais, porque, saltamos, pouco antes de a carro\u00e7a bater. Mas, querida, esque\u00e7a esse acidente! Voc\u00ea agora tem que se concentrar no seu novo desafio: a vida de princesa! E eu estou aqui pra lhe ajudar\u201d, responde falsamente.<\/p>\n<p>A\u00e7ucena diz que n\u00e3o quer ser princesa e que pretende ficar ao lado de seus pais adotivos e Jesu\u00edno, seu grande amor. C\u00ednica, \u00darsula finge entender a jovem. Afinal, se A\u00e7ucena n\u00e3o aceitar se casar com Felipe (Jayme Matarazzo), sua filha Carlota (Luana Martau) volta a ter a chance de se tornar rainha de Ser\u00e1fia.<\/p>\n<p>\u201cVoc\u00ea est\u00e1 certa, A\u00e7ucena&#8230; O amor \u00e9 mais importante do que coroa, do que cetro, trono, dinheiro&#8230; O amor \u00e9 a coisa mais importante dessa vida!\u201d, diz a duquesa.<\/p>\n<p>Sinopse &#8220;Cordel Encantado&#8221;: Augusto e sua rainha vivem uma vida harmoniosa e feliz, sem imaginar que est\u00e3o cercados por dois vil\u00f5es: \u00darsula (D\u00e9bora Bloch), cunhada do rei, e Nicolau (Luiz Fernando Guimar\u00e3es), o atrapalhado mordomo da corte. A bela, elegante e sofisticada duquesa \u00e9 a pessoa mais perigosa e falsa de todo o reino. Ajudada por Nicolau, seu amante, \u00darsula deseja se tornar rainha. E a viagem a Brogod\u00f3 \u00e9 a chance que a duquesa sempre quis para se livrar de Cristina e da princesa.<\/p>\n<p>A sede de poder da dupla de vil\u00f5es \u00e9 crescente: no Brasil, para onde se muda com a corte europeia, o casal continua a planejar e executar planos para conseguir o que quer. No decorrer da novela, revela-se que Lady Cec\u00edlia (Sofia Terra), que \u00darsula criava como sobrinha, \u00e9 filha da vil\u00e3 com o general Baldini (Em\u00edlio de Mello), militar do ex\u00e9rcito de Ser\u00e1fia do Norte.<\/p>\n<p>Fonte Rede Globo &#8220;Cordel Encantado\u201d<\/p>\n","protected":false},"excerpt":{"rendered":"<p>Novela &#8220;Cordel Encantado&#8221;: Jesu\u00edno (Cau\u00e3 Reymond) e A\u00e7ucena (Bianca Bin) conversam a s\u00f3s e ele pede para sua noiva tomar cuidado com \u00darsula (D\u00e9bora Bloch): &#8220;E voc\u00ea, fique de olho nessa duquesa, que meu faro ficou em alerta com ela. N\u00e3o gosto do jeito dessa mulher.&#8221; Intrigada, ela encontra com \u00darsula e resolve pression\u00e1-la. &#8220;O [&hellip;]<\/p>\n","protected":false},"author":2,"featured_media":165215,"comment_status":"open","ping_status":"closed","sticky":false,"template":"","format":"standard","meta":{"tdm_status":"","tdm_grid_status":"","footnotes":""},"categories":[535,388,379,375,343],"tags":[440],"class_list":{"0":"post-168259","1":"post","2":"type-post","3":"status-publish","4":"format-standard","5":"has-post-thumbnail","7":"category-cordel-encantado","8":"category-destaques","9":"category-novelas","10":"category-rede-globo","11":"category-televisao","12":"tag-noticia-novela"},"_links":{"self":[{"href":"https:\/\/migracao.redenoticia.com.br\/noticia\/wp-json\/wp\/v2\/posts\/168259","targetHints":{"allow":["GET"]}}],"collection":[{"href":"https:\/\/migracao.redenoticia.com.br\/noticia\/wp-json\/wp\/v2\/posts"}],"about":[{"href":"https:\/\/migracao.redenoticia.com.br\/noticia\/wp-json\/wp\/v2\/types\/post"}],"author":[{"embeddable":true,"href":"https:\/\/migracao.redenoticia.com.br\/noticia\/wp-json\/wp\/v2\/users\/2"}],"replies":[{"embeddable":true,"href":"https:\/\/migracao.redenoticia.com.br\/noticia\/wp-json\/wp\/v2\/comments?post=168259"}],"version-history":[{"count":0,"href":"https:\/\/migracao.redenoticia.com.br\/noticia\/wp-json\/wp\/v2\/posts\/168259\/revisions"}],"wp:featuredmedia":[{"embeddable":true,"href":"https:\/\/migracao.redenoticia.com.br\/noticia\/wp-json\/wp\/v2\/media\/165215"}],"wp:attachment":[{"href":"https:\/\/migracao.redenoticia.com.br\/noticia\/wp-json\/wp\/v2\/media?parent=168259"}],"wp:term":[{"taxonomy":"category","embeddable":true,"href":"https:\/\/migracao.redenoticia.com.br\/noticia\/wp-json\/wp\/v2\/categories?post=168259"},{"taxonomy":"post_tag","embeddable":true,"href":"https:\/\/migracao.redenoticia.com.br\/noticia\/wp-json\/wp\/v2\/tags?post=168259"}],"curies":[{"name":"wp","href":"https:\/\/api.w.org\/{rel}","templated":true}]}}