{"id":168351,"date":"2019-02-06T16:40:14","date_gmt":"2019-02-06T18:40:14","guid":{"rendered":"https:\/\/www.redenoticia.com.br\/noticia\/?p=168351"},"modified":"2019-02-06T16:40:18","modified_gmt":"2019-02-06T18:40:18","slug":"novela-cordel-encantado-penelope-descobre-o-esconderijo-de-herculano","status":"publish","type":"post","link":"https:\/\/migracao.redenoticia.com.br\/noticia\/2019\/novela-cordel-encantado-penelope-descobre-o-esconderijo-de-herculano\/168351","title":{"rendered":"Novela &#8220;Cordel Encantado&#8221;: Pen\u00e9lope descobre o esconderijo de Herculano"},"content":{"rendered":"<p><strong><em><img loading=\"lazy\" decoding=\"async\" class=\"aligncenter size-large wp-image-165213\" src=\"https:\/\/migracao.redenoticia.com.br\/noticia\/imagens\/cordel-005-400x181.jpg\" alt=\"\" width=\"400\" height=\"181\" srcset=\"https:\/\/migracao.redenoticia.com.br\/noticia\/imagens\/cordel-005-400x181.jpg 400w, https:\/\/migracao.redenoticia.com.br\/noticia\/imagens\/cordel-005-250x113.jpg 250w, https:\/\/migracao.redenoticia.com.br\/noticia\/imagens\/cordel-005-150x68.jpg 150w, https:\/\/migracao.redenoticia.com.br\/noticia\/imagens\/cordel-005-560x254.jpg 560w, https:\/\/migracao.redenoticia.com.br\/noticia\/imagens\/cordel-005.jpg 686w\" sizes=\"auto, (max-width: 400px) 100vw, 400px\" \/>Novela &#8220;Cordel Encantado&#8221;:<\/em><\/strong> Pen\u00e9lope (Paula Burlamaqui) foi a Brogod\u00f3 cobrir a apari\u00e7\u00e3o da princesa e tamb\u00e9m relatar como vivem os cangaceiros no sert\u00e3o. Para isso, a jornalista foi conhecer o acampamento de Herculano (Domingos Montagner).<\/p>\n<p>Caminhando pela mata nos arredores da cidade, ela encontra C\u00edcero (Miguel R\u00f4mulo) ca\u00eddo no ch\u00e3o. Ele foi deixado no meio do mato por Z\u00f3io-Furado (Tuca Andrada) e Belarmino (Jo\u00e3o Miguel) a mando de Herculano, que n\u00e3o queria mais a presen\u00e7a do rapaz em seu bando.<\/p>\n<p>Ao descobrir que C\u00edcero pretende ir atr\u00e1s dos cangaceiros, Pen\u00e9lope o ajuda e pede para ir com ele.<\/p>\n<p>Ao chegarem ao acampamento, ficam frente a frente com Bel e Z\u00f3io-Furado, que os levam at\u00e9 a tenda do capit\u00e3o. Desconfiado, Herculano n\u00e3o gosta nada do que v\u00ea. Pen\u00e9lope se apresenta como uma jornalista da capital. \u201cSe o senhor me der licen\u00e7a, eu queria fazer uma reportagem sobre a vida no canga\u00e7o\u201d.<\/p>\n<p>Ele ri debochado da proposta dela e a acusa de ser uma espi\u00e3. Pen\u00e9lope tenta se explicar. \u201cN\u00e3o \u00e9 nada disso, Capit\u00e3o. O senhor \u00e9 famoso no pa\u00eds inteiro, tido como her\u00f3i por alguns e como bandido por outros\u201d, justifica o interesse em contar sobre a vida dele.<\/p>\n<p>S\u00e9rio, ele manda que a levem para fora de sua tenda, pois quer ter uma conversa a s\u00f3s com C\u00edcero. \u201cEu me enganei com voc\u00ea. E se ela (Pen\u00e9lope) contar pra algu\u00e9m onde a gente se esconde? Voc\u00ea colocou meu bando em perigo!\u201d, diz Herculano furioso, com uma faca no pesco\u00e7o do rapaz.<\/p>\n<p>C\u00edcero pede perd\u00e3o para o Capit\u00e3o e tenta convenc\u00ea-lo a ficar no canga\u00e7o. \u201cMe bote \u00e0 prova, que me refa\u00e7o no seu conceito\u201d, pede.<\/p>\n<p>Sinopse &#8220;Cordel Encantado&#8221;: Augusto e sua rainha vivem uma vida harmoniosa e feliz, sem imaginar que est\u00e3o cercados por dois vil\u00f5es: \u00darsula (D\u00e9bora Bloch), cunhada do rei, e Nicolau (Luiz Fernando Guimar\u00e3es), o atrapalhado mordomo da corte. A bela, elegante e sofisticada duquesa \u00e9 a pessoa mais perigosa e falsa de todo o reino. Ajudada por Nicolau, seu amante, \u00darsula deseja se tornar rainha. E a viagem a Brogod\u00f3 \u00e9 a chance que a duquesa sempre quis para se livrar de Cristina e da princesa.<\/p>\n<p>A sede de poder da dupla de vil\u00f5es \u00e9 crescente: no Brasil, para onde se muda com a corte europeia, o casal continua a planejar e executar planos para conseguir o que quer. No decorrer da novela, revela-se que Lady Cec\u00edlia (Sofia Terra), que \u00darsula criava como sobrinha, \u00e9 filha da vil\u00e3 com o general Baldini (Em\u00edlio de Mello), militar do ex\u00e9rcito de Ser\u00e1fia do Norte.<\/p>\n<p>Fonte Rede Globo &#8220;Cordel Encantado\u201d<\/p>\n","protected":false},"excerpt":{"rendered":"<p>Novela &#8220;Cordel Encantado&#8221;: Pen\u00e9lope (Paula Burlamaqui) foi a Brogod\u00f3 cobrir a apari\u00e7\u00e3o da princesa e tamb\u00e9m relatar como vivem os cangaceiros no sert\u00e3o. Para isso, a jornalista foi conhecer o acampamento de Herculano (Domingos Montagner). Caminhando pela mata nos arredores da cidade, ela encontra C\u00edcero (Miguel R\u00f4mulo) ca\u00eddo no ch\u00e3o. Ele foi deixado no meio [&hellip;]<\/p>\n","protected":false},"author":2,"featured_media":165215,"comment_status":"open","ping_status":"closed","sticky":false,"template":"","format":"standard","meta":{"tdm_status":"","tdm_grid_status":"","footnotes":""},"categories":[535,379,375,343],"tags":[440],"class_list":{"0":"post-168351","1":"post","2":"type-post","3":"status-publish","4":"format-standard","5":"has-post-thumbnail","7":"category-cordel-encantado","8":"category-novelas","9":"category-rede-globo","10":"category-televisao","11":"tag-noticia-novela"},"_links":{"self":[{"href":"https:\/\/migracao.redenoticia.com.br\/noticia\/wp-json\/wp\/v2\/posts\/168351","targetHints":{"allow":["GET"]}}],"collection":[{"href":"https:\/\/migracao.redenoticia.com.br\/noticia\/wp-json\/wp\/v2\/posts"}],"about":[{"href":"https:\/\/migracao.redenoticia.com.br\/noticia\/wp-json\/wp\/v2\/types\/post"}],"author":[{"embeddable":true,"href":"https:\/\/migracao.redenoticia.com.br\/noticia\/wp-json\/wp\/v2\/users\/2"}],"replies":[{"embeddable":true,"href":"https:\/\/migracao.redenoticia.com.br\/noticia\/wp-json\/wp\/v2\/comments?post=168351"}],"version-history":[{"count":0,"href":"https:\/\/migracao.redenoticia.com.br\/noticia\/wp-json\/wp\/v2\/posts\/168351\/revisions"}],"wp:featuredmedia":[{"embeddable":true,"href":"https:\/\/migracao.redenoticia.com.br\/noticia\/wp-json\/wp\/v2\/media\/165215"}],"wp:attachment":[{"href":"https:\/\/migracao.redenoticia.com.br\/noticia\/wp-json\/wp\/v2\/media?parent=168351"}],"wp:term":[{"taxonomy":"category","embeddable":true,"href":"https:\/\/migracao.redenoticia.com.br\/noticia\/wp-json\/wp\/v2\/categories?post=168351"},{"taxonomy":"post_tag","embeddable":true,"href":"https:\/\/migracao.redenoticia.com.br\/noticia\/wp-json\/wp\/v2\/tags?post=168351"}],"curies":[{"name":"wp","href":"https:\/\/api.w.org\/{rel}","templated":true}]}}