{"id":168352,"date":"2019-02-06T16:41:46","date_gmt":"2019-02-06T18:41:46","guid":{"rendered":"https:\/\/www.redenoticia.com.br\/noticia\/?p=168352"},"modified":"2019-02-06T16:41:48","modified_gmt":"2019-02-06T18:41:48","slug":"novela-cordel-encantado-ursula-incentiva-acucena-a-fugir-do-palacio","status":"publish","type":"post","link":"https:\/\/migracao.redenoticia.com.br\/noticia\/2019\/novela-cordel-encantado-ursula-incentiva-acucena-a-fugir-do-palacio\/168352","title":{"rendered":"Novela &#8220;Cordel Encantado&#8221;: \u00darsula incentiva A\u00e7ucena a fugir\u00a0do Pal\u00e1cio"},"content":{"rendered":"<p><strong><em><img loading=\"lazy\" decoding=\"async\" class=\"aligncenter size-large wp-image-165214\" src=\"https:\/\/migracao.redenoticia.com.br\/noticia\/imagens\/cordel-004-319x300.jpg\" alt=\"\" width=\"319\" height=\"300\" srcset=\"https:\/\/migracao.redenoticia.com.br\/noticia\/imagens\/cordel-004-319x300.jpg 319w, https:\/\/migracao.redenoticia.com.br\/noticia\/imagens\/cordel-004-199x187.jpg 199w, https:\/\/migracao.redenoticia.com.br\/noticia\/imagens\/cordel-004-150x141.jpg 150w, https:\/\/migracao.redenoticia.com.br\/noticia\/imagens\/cordel-004.jpg 669w, https:\/\/migracao.redenoticia.com.br\/noticia\/imagens\/cordel-004-560x527.jpg 560w\" sizes=\"auto, (max-width: 319px) 100vw, 319px\" \/>Novela &#8220;Cordel Encantado&#8221;:<\/em><\/strong> A\u00e7ucena (Bianca Bin) n\u00e3o aceita o fato de ter de se casar com Pr\u00edncipe Felipe (Jayme Matarazzo) e ter que abdicar de seu amor por Jesu\u00edno (Cau\u00e3 Reymond), agora que descobriu ser a princesa de Ser\u00e1fia.<\/p>\n<p>Mesmo com Rei Augusto (Carmo Dalla Vecchia) e Efig\u00eania (Berta Loran) a bajulando, a sertaneja n\u00e3o se conforma com o destino que a aguarda.<\/p>\n<p>Interessada em acabar com o casamento entre A\u00e7ucena e Felipe, \u00darsula (D\u00e9bora Bloch) vai ao quarto da jovem conversar com ela. A\u00e7ucena est\u00e1 chorando deitada na cama, quando a duquesa entra e lhe faz um carinho.<\/p>\n<p>Falsa, ela consola a jovem. \u201cMinha querida, n\u00e3o est\u00e1 certo o que Augusto est\u00e1 fazendo! Tenho certeza de que, se sua m\u00e3e estivesse viva, e pudesse ver o grande amor que existe entre voc\u00ea e Jesu\u00edno, ela ia abrir m\u00e3o desse acordo nupcial\u201d.<\/p>\n<p>A\u00e7ucena acredita nas palavras dela e pergunta o que deve fazer. Esperta, \u00darsula prop\u00f5e: \u201cEnt\u00e3o v\u00e1 atr\u00e1s dele, Aurora! Seja feliz! V\u00e1 atr\u00e1s do seu amor!\u201d.<\/p>\n<p>A jovem n\u00e3o sabe como fazer para fugir do pal\u00e1cio sem que ningu\u00e9m perceba, mas a duquesa oferece ajuda. Esperan\u00e7osa, a jovem sorri feliz e segue o conselho de \u00darsula.<\/p>\n<p>Sinopse &#8220;Cordel Encantado&#8221;: Augusto e sua rainha vivem uma vida harmoniosa e feliz, sem imaginar que est\u00e3o cercados por dois vil\u00f5es: \u00darsula (D\u00e9bora Bloch), cunhada do rei, e Nicolau (Luiz Fernando Guimar\u00e3es), o atrapalhado mordomo da corte. A bela, elegante e sofisticada duquesa \u00e9 a pessoa mais perigosa e falsa de todo o reino. Ajudada por Nicolau, seu amante, \u00darsula deseja se tornar rainha. E a viagem a Brogod\u00f3 \u00e9 a chance que a duquesa sempre quis para se livrar de Cristina e da princesa.<\/p>\n<p>A sede de poder da dupla de vil\u00f5es \u00e9 crescente: no Brasil, para onde se muda com a corte europeia, o casal continua a planejar e executar planos para conseguir o que quer. No decorrer da novela, revela-se que Lady Cec\u00edlia (Sofia Terra), que \u00darsula criava como sobrinha, \u00e9 filha da vil\u00e3 com o general Baldini (Em\u00edlio de Mello), militar do ex\u00e9rcito de Ser\u00e1fia do Norte.<\/p>\n<p>Fonte Rede Globo &#8220;Cordel Encantado\u201d<\/p>\n","protected":false},"excerpt":{"rendered":"<p>Novela &#8220;Cordel Encantado&#8221;: A\u00e7ucena (Bianca Bin) n\u00e3o aceita o fato de ter de se casar com Pr\u00edncipe Felipe (Jayme Matarazzo) e ter que abdicar de seu amor por Jesu\u00edno (Cau\u00e3 Reymond), agora que descobriu ser a princesa de Ser\u00e1fia. Mesmo com Rei Augusto (Carmo Dalla Vecchia) e Efig\u00eania (Berta Loran) a bajulando, a sertaneja n\u00e3o [&hellip;]<\/p>\n","protected":false},"author":2,"featured_media":165213,"comment_status":"open","ping_status":"closed","sticky":false,"template":"","format":"standard","meta":{"tdm_status":"","tdm_grid_status":"","footnotes":""},"categories":[535,379,375,343],"tags":[440],"class_list":{"0":"post-168352","1":"post","2":"type-post","3":"status-publish","4":"format-standard","5":"has-post-thumbnail","7":"category-cordel-encantado","8":"category-novelas","9":"category-rede-globo","10":"category-televisao","11":"tag-noticia-novela"},"_links":{"self":[{"href":"https:\/\/migracao.redenoticia.com.br\/noticia\/wp-json\/wp\/v2\/posts\/168352","targetHints":{"allow":["GET"]}}],"collection":[{"href":"https:\/\/migracao.redenoticia.com.br\/noticia\/wp-json\/wp\/v2\/posts"}],"about":[{"href":"https:\/\/migracao.redenoticia.com.br\/noticia\/wp-json\/wp\/v2\/types\/post"}],"author":[{"embeddable":true,"href":"https:\/\/migracao.redenoticia.com.br\/noticia\/wp-json\/wp\/v2\/users\/2"}],"replies":[{"embeddable":true,"href":"https:\/\/migracao.redenoticia.com.br\/noticia\/wp-json\/wp\/v2\/comments?post=168352"}],"version-history":[{"count":0,"href":"https:\/\/migracao.redenoticia.com.br\/noticia\/wp-json\/wp\/v2\/posts\/168352\/revisions"}],"wp:featuredmedia":[{"embeddable":true,"href":"https:\/\/migracao.redenoticia.com.br\/noticia\/wp-json\/wp\/v2\/media\/165213"}],"wp:attachment":[{"href":"https:\/\/migracao.redenoticia.com.br\/noticia\/wp-json\/wp\/v2\/media?parent=168352"}],"wp:term":[{"taxonomy":"category","embeddable":true,"href":"https:\/\/migracao.redenoticia.com.br\/noticia\/wp-json\/wp\/v2\/categories?post=168352"},{"taxonomy":"post_tag","embeddable":true,"href":"https:\/\/migracao.redenoticia.com.br\/noticia\/wp-json\/wp\/v2\/tags?post=168352"}],"curies":[{"name":"wp","href":"https:\/\/api.w.org\/{rel}","templated":true}]}}