{"id":168365,"date":"2019-02-06T17:10:35","date_gmt":"2019-02-06T19:10:35","guid":{"rendered":"https:\/\/www.redenoticia.com.br\/noticia\/?p=168365"},"modified":"2019-02-06T18:44:53","modified_gmt":"2019-02-06T20:44:53","slug":"resumo-novela-cordel-encantado-07-02-jesuino-ve-felipe-dar-presente-a-acucena","status":"publish","type":"post","link":"https:\/\/migracao.redenoticia.com.br\/noticia\/2019\/resumo-novela-cordel-encantado-07-02-jesuino-ve-felipe-dar-presente-a-acucena\/168365","title":{"rendered":"Resumo novela \u201cCordel Encantado\u201d 07\/02: Jesu\u00edno v\u00ea Felipe dar presente a A\u00e7ucena"},"content":{"rendered":"<p><img loading=\"lazy\" decoding=\"async\" class=\"aligncenter size-large wp-image-165214\" src=\"https:\/\/migracao.redenoticia.com.br\/noticia\/imagens\/cordel-004-319x300.jpg\" alt=\"\" width=\"319\" height=\"300\" srcset=\"https:\/\/migracao.redenoticia.com.br\/noticia\/imagens\/cordel-004-319x300.jpg 319w, https:\/\/migracao.redenoticia.com.br\/noticia\/imagens\/cordel-004-199x187.jpg 199w, https:\/\/migracao.redenoticia.com.br\/noticia\/imagens\/cordel-004-150x141.jpg 150w, https:\/\/migracao.redenoticia.com.br\/noticia\/imagens\/cordel-004.jpg 669w, https:\/\/migracao.redenoticia.com.br\/noticia\/imagens\/cordel-004-560x527.jpg 560w\" sizes=\"auto, (max-width: 319px) 100vw, 319px\" \/><strong><em>Resumo novela \u201cCordel Encantado\u201d 07\/02 <\/em><\/strong>: no cap\u00edtulo 018(*) da novela, resumo de quinta-feira, 07 de fevereiro, A\u00e7ucena foge dos jornalistas. Neusa tenta reconhecer Pen\u00e9lope. Felipe e Dora expulsam os jornalistas do pal\u00e1cio. A\u00e7ucena fala que n\u00e3o quer ser princesa e Augusto ouve. Benvinda impede Lilica de contar para Tim\u00f3teo quem ajudou Ant\u00f4nia a fugir. Farid visita Pen\u00e9lope. Augusto garante a Efig\u00eania que vai levar a princesa de volta para Ser\u00e1fia. \u00darsula diz a Nicolau que vai fazer com que A\u00e7ucena se assuste ainda mais com a nobreza.<\/p>\n<p>Jesu\u00edno desconfia de \u00darsula. Petrus se encanta com Florinda. Tim\u00f3teo pede a Fausto que facilite sua entrada no pal\u00e1cio para raptar A\u00e7ucena. C\u00edcero enfrenta Jesu\u00edno para continuar no acampamento dos cangaceiros. Migu\u00e9zim lembra de seu sonho ao saber que A\u00e7ucena \u00e9 a princesa perdida. Farid chega \u00e0 casa de Bartira. Ces\u00e1ria pede que Augusto tenha paci\u00eancia para tentar conquistar sua filha. Jesu\u00edno v\u00ea Felipe dar um presente a A\u00e7ucena e sai sem que a noiva perceba. Migu\u00e9zim chega ao pal\u00e1cio no momento em que Tim\u00f3teo est\u00e1 prestes a entrar para levar A\u00e7ucena.<\/p>\n<p>Destaques<\/p>\n<p>(*) edi\u00e7\u00e3o da Rede Globo, Novela \u201cCordel Encantado\u201d, sujeito a altera\u00e7\u00e3o de data e conte\u00fado.<\/p>\n<p>Sinopse \u201cCordel Encantado\u201d: Vendo o marido muito ferido, depois de mais uma terr\u00edvel batalha, a rainha Helena (Mariana Lima) vai ao castelo inimigo amaldi\u00e7oar toda a fam\u00edlia do rei Augusto. Faz isso gr\u00e1vida de In\u00e1cio (Maur\u00edcio Destri) e acompanhada de seu filho mais velho, Felipe (Jayme Matarazzo). O monarca se comove com a dor de Helena e, por sugest\u00e3o de Cristina, prop\u00f5e um acordo a Teobaldo, ferido mortalmente: seus primog\u00eanitos Aurora e Felipe devem se casar quando atingirem a maior idade, unificando e trazendo paz aos dois estados. Teobaldo aceita o acordo e morre logo depois. As duas crian\u00e7as s\u00e3o apresentadas publicamente como os futuros reis de Ser\u00e1fia.<\/p>\n<p>Seguindo a interpreta\u00e7\u00e3o on\u00edrica feita por Amadeus, uma longa viagem come\u00e7a a ser planejada. Zen\u00f3bio Alfredo (Guilherme Fontes), bot\u00e2nico de Ser\u00e1fia do Norte, que estava no Brasil envolvido com pesquisas cient\u00edficas, traz ao rei not\u00edcias de um tesouro, escondido em terras tropicais pelo fundador do reino, Dom Serafim. O bot\u00e2nico sugere que o rei financie uma expedi\u00e7\u00e3o a Brogod\u00f3, e Augusto, amante das ci\u00eancias e das aventuras, n\u00e3o s\u00f3 concorda com a ideia como faz quest\u00e3o de liderar a empreitada. O rei s\u00f3 n\u00e3o contava que sua esposa, a rainha Cristina, resolveria acompanh\u00e1-lo, levando consigo a pequena Aurora.<\/p>\n","protected":false},"excerpt":{"rendered":"<p>Resumo novela \u201cCordel Encantado\u201d 07\/02 : no cap\u00edtulo 018(*) da novela, resumo de quinta-feira, 07 de fevereiro, A\u00e7ucena foge dos jornalistas. Neusa tenta reconhecer Pen\u00e9lope. Felipe e Dora expulsam os jornalistas do pal\u00e1cio. A\u00e7ucena fala que n\u00e3o quer ser princesa e Augusto ouve. Benvinda impede Lilica de contar para Tim\u00f3teo quem ajudou Ant\u00f4nia a fugir. [&hellip;]<\/p>\n","protected":false},"author":4,"featured_media":165215,"comment_status":"open","ping_status":"closed","sticky":false,"template":"","format":"standard","meta":{"tdm_status":"","tdm_grid_status":"","footnotes":""},"categories":[535,379,375,343],"tags":[441],"class_list":{"0":"post-168365","1":"post","2":"type-post","3":"status-publish","4":"format-standard","5":"has-post-thumbnail","7":"category-cordel-encantado","8":"category-novelas","9":"category-rede-globo","10":"category-televisao","11":"tag-resumo-do-dia"},"_links":{"self":[{"href":"https:\/\/migracao.redenoticia.com.br\/noticia\/wp-json\/wp\/v2\/posts\/168365","targetHints":{"allow":["GET"]}}],"collection":[{"href":"https:\/\/migracao.redenoticia.com.br\/noticia\/wp-json\/wp\/v2\/posts"}],"about":[{"href":"https:\/\/migracao.redenoticia.com.br\/noticia\/wp-json\/wp\/v2\/types\/post"}],"author":[{"embeddable":true,"href":"https:\/\/migracao.redenoticia.com.br\/noticia\/wp-json\/wp\/v2\/users\/4"}],"replies":[{"embeddable":true,"href":"https:\/\/migracao.redenoticia.com.br\/noticia\/wp-json\/wp\/v2\/comments?post=168365"}],"version-history":[{"count":0,"href":"https:\/\/migracao.redenoticia.com.br\/noticia\/wp-json\/wp\/v2\/posts\/168365\/revisions"}],"wp:featuredmedia":[{"embeddable":true,"href":"https:\/\/migracao.redenoticia.com.br\/noticia\/wp-json\/wp\/v2\/media\/165215"}],"wp:attachment":[{"href":"https:\/\/migracao.redenoticia.com.br\/noticia\/wp-json\/wp\/v2\/media?parent=168365"}],"wp:term":[{"taxonomy":"category","embeddable":true,"href":"https:\/\/migracao.redenoticia.com.br\/noticia\/wp-json\/wp\/v2\/categories?post=168365"},{"taxonomy":"post_tag","embeddable":true,"href":"https:\/\/migracao.redenoticia.com.br\/noticia\/wp-json\/wp\/v2\/tags?post=168365"}],"curies":[{"name":"wp","href":"https:\/\/api.w.org\/{rel}","templated":true}]}}