{"id":16845,"date":"2009-11-11T01:10:20","date_gmt":"2009-11-11T05:10:20","guid":{"rendered":"http:\/\/www.redenoticia.com.br\/noticia\/?p=16845"},"modified":"2009-11-17T22:43:59","modified_gmt":"2009-11-18T02:43:59","slug":"rede-record-%e2%80%93-apagao-prejudica-apresentacao-do-idolos-2009-1111","status":"publish","type":"post","link":"https:\/\/migracao.redenoticia.com.br\/noticia\/2009\/rede-record-%e2%80%93-apagao-prejudica-apresentacao-do-idolos-2009-1111\/16845","title":{"rendered":"Rede Record \u2013 apag\u00e3o prejudica apresenta\u00e7\u00e3o do \u00cddolos 2009 (11\/11)"},"content":{"rendered":"<p><strong style=\"font-weight: bold;\"><img loading=\"lazy\" decoding=\"async\" class=\"alignleft size-full wp-image-12199\" title=\"redenoticiatv2\" src=\"https:\/\/migracao.redenoticia.com.br\/noticia\/imagens\/redenoticiatv2.jpg\" alt=\"redenoticiatv2\" width=\"150\" height=\"113\" srcset=\"https:\/\/migracao.redenoticia.com.br\/noticia\/imagens\/redenoticiatv2.jpg 150w, https:\/\/migracao.redenoticia.com.br\/noticia\/imagens\/redenoticiatv2-148x112.jpg 148w\" sizes=\"auto, (max-width: 150px) 100vw, 150px\" \/>Rede Record<\/strong>\u00a0\u2013 o apresentador do programa\u00a0<strong style=\"font-weight: bold;\">\u00cddolos 2009<\/strong>, Rodrigo Faro, apresentou o programa desta ter\u00e7a-feira (11\/11) de \u00f3culos escuros, motivado por uma forte conjuntivite. Na semana passada o mesmo problema afetou o jurado Calainho. Como o mega\u00a0<strong style=\"font-weight: bold;\">apag\u00e3o<\/strong>\u00a0ocorreu no mesmo hor\u00e1rio do programa,\u00a0<em style=\"font-style: italic;\">grande parte do Brasil n\u00e3o pode assistir ao programa<\/em>, o que pode prejudicar a vota\u00e7\u00e3o ou beneficiar os concorrentes que representam o Norte e Nordeste, onde o apag\u00e3o foi menos intenso.<\/p>\n<p>Os \u00cddolos 2009 Rede Record apresentaram sucessos da d\u00e9cada de 80. Diego cantou Palco e segundo os jurados ele exagerou e mostrou excesso de confian\u00e7a. Saulo interpretou Voc\u00ea \u00e9 Linda, acompanhado apenas com o piano, e foi \u00f3timo embora estivesse nervoso. Ele deu uma pequena desafinada no meio da m\u00fasica. Helen cantou Tempos Modernos em uma vers\u00e3o mais lenta que Lulu Santos, foi bem mas, como arriscou muito, faltou vibra\u00e7\u00e3o. Dani arrasou cantando Me Chama e conquistou os tr\u00eas jurados. Duarte escolheu Menina Veneno e foi bem, afinado, mas continua t\u00edmido e nervoso. Paulo cantou Nada por Mim e, na opini\u00e3o dos jurados \u00cddolos 2009 Rede Record, precisa empolgar mais. Para encerrar, Priscila cantou Flores e os jurados acharam estranho, mas foi criativa.<\/p>\n<p>No meio do programa \u00cddolos 2009, a Rede Record mostrou a visita de Paulo Ricardo conversando com os finalistas e cantando Legi\u00e3o Urbana. Eles tamb\u00e9m receberam a visita dos produtores do CD que ser\u00e1 lan\u00e7ado no final do programa, previsto para acontecer em 16 de dezembro.<\/p>\n<p>Rede Record \u2013 \u00cddolos 2009<\/p>\n","protected":false},"excerpt":{"rendered":"<p>Rede Record\u00a0\u2013 o apresentador do programa\u00a0\u00cddolos 2009, Rodrigo Faro, apresentou o programa desta ter\u00e7a-feira (11\/11) de \u00f3culos escuros, motivado por uma forte conjuntivite. Na semana passada o mesmo problema afetou o jurado Calainho. Como o mega\u00a0apag\u00e3o\u00a0ocorreu no mesmo hor\u00e1rio do programa,\u00a0grande parte do Brasil n\u00e3o pode assistir ao programa, o que pode prejudicar a vota\u00e7\u00e3o [&hellip;]<\/p>\n","protected":false},"author":3,"featured_media":0,"comment_status":"open","ping_status":"open","sticky":false,"template":"","format":"standard","meta":{"tdm_status":"","tdm_grid_status":"","footnotes":""},"categories":[22,371,343],"tags":[],"class_list":{"0":"post-16845","1":"post","2":"type-post","3":"status-publish","4":"format-standard","6":"category-brasil","7":"category-rede-record","8":"category-televisao"},"_links":{"self":[{"href":"https:\/\/migracao.redenoticia.com.br\/noticia\/wp-json\/wp\/v2\/posts\/16845","targetHints":{"allow":["GET"]}}],"collection":[{"href":"https:\/\/migracao.redenoticia.com.br\/noticia\/wp-json\/wp\/v2\/posts"}],"about":[{"href":"https:\/\/migracao.redenoticia.com.br\/noticia\/wp-json\/wp\/v2\/types\/post"}],"author":[{"embeddable":true,"href":"https:\/\/migracao.redenoticia.com.br\/noticia\/wp-json\/wp\/v2\/users\/3"}],"replies":[{"embeddable":true,"href":"https:\/\/migracao.redenoticia.com.br\/noticia\/wp-json\/wp\/v2\/comments?post=16845"}],"version-history":[{"count":0,"href":"https:\/\/migracao.redenoticia.com.br\/noticia\/wp-json\/wp\/v2\/posts\/16845\/revisions"}],"wp:attachment":[{"href":"https:\/\/migracao.redenoticia.com.br\/noticia\/wp-json\/wp\/v2\/media?parent=16845"}],"wp:term":[{"taxonomy":"category","embeddable":true,"href":"https:\/\/migracao.redenoticia.com.br\/noticia\/wp-json\/wp\/v2\/categories?post=16845"},{"taxonomy":"post_tag","embeddable":true,"href":"https:\/\/migracao.redenoticia.com.br\/noticia\/wp-json\/wp\/v2\/tags?post=16845"}],"curies":[{"name":"wp","href":"https:\/\/api.w.org\/{rel}","templated":true}]}}