{"id":16848,"date":"2009-11-11T01:24:05","date_gmt":"2009-11-11T05:24:05","guid":{"rendered":"http:\/\/www.redenoticia.com.br\/noticia\/?p=16848"},"modified":"2009-11-11T01:24:05","modified_gmt":"2009-11-11T05:24:05","slug":"causa-do-blecaute-apagao-nao-teve-origem-em-itaipu","status":"publish","type":"post","link":"https:\/\/migracao.redenoticia.com.br\/noticia\/2009\/causa-do-blecaute-apagao-nao-teve-origem-em-itaipu\/16848","title":{"rendered":"Causa do blecaute (apag\u00e3o) n\u00e3o teve origem em Itaipu"},"content":{"rendered":"<p><strong><img loading=\"lazy\" decoding=\"async\" class=\"alignleft size-full wp-image-16850\" title=\"itaipu\" src=\"https:\/\/migracao.redenoticia.com.br\/noticia\/imagens\/itaipu1.jpg\" alt=\"itaipu\" width=\"150\" height=\"113\" srcset=\"https:\/\/migracao.redenoticia.com.br\/noticia\/imagens\/itaipu1.jpg 150w, https:\/\/migracao.redenoticia.com.br\/noticia\/imagens\/itaipu1-148x112.jpg 148w\" sizes=\"auto, (max-width: 150px) 100vw, 150px\" \/>Blecaute (apag\u00e3o)<\/strong> &#8211; \u00c0s 22h13 do dia 11 de novembro de 2009 uma pane no sistema el\u00e9trico interligado brasileiro provocou um <strong>blecaute<\/strong> em <em>v\u00e1rios estados da regi\u00e3o Sudeste e Centro-Oeste<\/em>.\u00a0Por efeito domin\u00f3, inclusive o sistema paraguaio teve o fornecimento de energia interrompido.\u00a0A causa do blecaute n\u00e3o teve origem na usina de <strong>Itaipu<\/strong>. A hip\u00f3tese mais prov\u00e1vel \u00e9 que tenha havido algum acidente que afetou um ou mais pontos do sistema de transmiss\u00e3o, inclusive o de Furnas, respons\u00e1vel por levar a energia de Itaipu para o Sul e Sudeste, acidente este que provocou outros, fen\u00f4meno que se costuma chamar de efeito domin\u00f3.<\/p>\n<p>Imediatamente ap\u00f3s o blecaute, a usina de Itaipu estava com suas m\u00e1quinas ligadas, girando no vazio, por\u00e9m, sem possibilidade de transmitir energia, pois as linhas de transmiss\u00e3o que conectam Itaipu ao sistema brasileiro estavam desligadas.<\/p>\n<p>Em 15 minutos, o sistema paraguaio j\u00e1 estava sendo suprido por Itaipu, o que refor\u00e7a o fato de que a causa do defeito foi externa \u00e0 usina.<\/p>\n<p>Itaipu, \u00e0 1h do dia 11 de novembro de 2009, aguarda o restabelecimento do sistema interligado para dar in\u00edcio ao fornecimento de energia.<\/p>\n<p>Para ter informa\u00e7\u00f5es em tempo real, acesse o perfil oficial de Itaipu no Twitter: <a href=\"http:\/\/www.twitter.com\/usina_itaipu\" target=\"_blank\">www.twitter.com\/usina_itaipu<\/a>.<\/p>\n<p>\u00a0Fonte Itaipu Binacional<\/p>\n","protected":false},"excerpt":{"rendered":"<p>Blecaute (apag\u00e3o) &#8211; \u00c0s 22h13 do dia 11 de novembro de 2009 uma pane no sistema el\u00e9trico interligado brasileiro provocou um blecaute em v\u00e1rios estados da regi\u00e3o Sudeste e Centro-Oeste.\u00a0Por efeito domin\u00f3, inclusive o sistema paraguaio teve o fornecimento de energia interrompido.\u00a0A causa do blecaute n\u00e3o teve origem na usina de Itaipu. A hip\u00f3tese mais [&hellip;]<\/p>\n","protected":false},"author":3,"featured_media":0,"comment_status":"open","ping_status":"open","sticky":false,"template":"","format":"standard","meta":{"tdm_status":"","tdm_grid_status":"","footnotes":""},"categories":[22],"tags":[],"class_list":{"0":"post-16848","1":"post","2":"type-post","3":"status-publish","4":"format-standard","6":"category-brasil"},"_links":{"self":[{"href":"https:\/\/migracao.redenoticia.com.br\/noticia\/wp-json\/wp\/v2\/posts\/16848","targetHints":{"allow":["GET"]}}],"collection":[{"href":"https:\/\/migracao.redenoticia.com.br\/noticia\/wp-json\/wp\/v2\/posts"}],"about":[{"href":"https:\/\/migracao.redenoticia.com.br\/noticia\/wp-json\/wp\/v2\/types\/post"}],"author":[{"embeddable":true,"href":"https:\/\/migracao.redenoticia.com.br\/noticia\/wp-json\/wp\/v2\/users\/3"}],"replies":[{"embeddable":true,"href":"https:\/\/migracao.redenoticia.com.br\/noticia\/wp-json\/wp\/v2\/comments?post=16848"}],"version-history":[{"count":0,"href":"https:\/\/migracao.redenoticia.com.br\/noticia\/wp-json\/wp\/v2\/posts\/16848\/revisions"}],"wp:attachment":[{"href":"https:\/\/migracao.redenoticia.com.br\/noticia\/wp-json\/wp\/v2\/media?parent=16848"}],"wp:term":[{"taxonomy":"category","embeddable":true,"href":"https:\/\/migracao.redenoticia.com.br\/noticia\/wp-json\/wp\/v2\/categories?post=16848"},{"taxonomy":"post_tag","embeddable":true,"href":"https:\/\/migracao.redenoticia.com.br\/noticia\/wp-json\/wp\/v2\/tags?post=16848"}],"curies":[{"name":"wp","href":"https:\/\/api.w.org\/{rel}","templated":true}]}}