{"id":168516,"date":"2019-02-07T17:14:53","date_gmt":"2019-02-07T19:14:53","guid":{"rendered":"https:\/\/www.redenoticia.com.br\/noticia\/?p=168516"},"modified":"2019-02-07T17:14:56","modified_gmt":"2019-02-07T19:14:56","slug":"resumo-novela-cordel-encantado-08-02-jesuino-ve-felipe-beijar-acucena","status":"publish","type":"post","link":"https:\/\/migracao.redenoticia.com.br\/noticia\/2019\/resumo-novela-cordel-encantado-08-02-jesuino-ve-felipe-beijar-acucena\/168516","title":{"rendered":"Resumo novela \u201cCordel Encantado\u201d 08\/02: Jesu\u00edno v\u00ea Felipe beijar A\u00e7ucena"},"content":{"rendered":"<p><img loading=\"lazy\" decoding=\"async\" class=\"aligncenter size-large wp-image-165214\" src=\"https:\/\/migracao.redenoticia.com.br\/noticia\/imagens\/cordel-004-319x300.jpg\" alt=\"\" width=\"319\" height=\"300\" srcset=\"https:\/\/migracao.redenoticia.com.br\/noticia\/imagens\/cordel-004-319x300.jpg 319w, https:\/\/migracao.redenoticia.com.br\/noticia\/imagens\/cordel-004-199x187.jpg 199w, https:\/\/migracao.redenoticia.com.br\/noticia\/imagens\/cordel-004-150x141.jpg 150w, https:\/\/migracao.redenoticia.com.br\/noticia\/imagens\/cordel-004.jpg 669w, https:\/\/migracao.redenoticia.com.br\/noticia\/imagens\/cordel-004-560x527.jpg 560w\" sizes=\"auto, (max-width: 319px) 100vw, 319px\" \/><strong><em>Resumo novela \u201cCordel Encantado\u201d 08\/02 <\/em><\/strong>: no cap\u00edtulo 019(*) da novela, resumo de sexta-feira, 08 de fevereiro, Migu\u00e9zim impede a entrada de Tim\u00f3teo no pal\u00e1cio e o enfrenta. Todos na cidade acordam assustados com a prega\u00e7\u00e3o de Migu\u00e9zim. Migu\u00e9zim afirma a A\u00e7ucena que ela corre perigo. Jesu\u00edno tenta falar com a noiva, mas Felipe o afasta. Augusto pede consolo a \u00darsula e Ces\u00e1ria v\u00ea os dois juntos. Dora consola Jesu\u00edno. A\u00e7ucena se preocupa com C\u00edcero.<\/p>\n<p>Tim\u00f3teo manda Tibungo dar uma li\u00e7\u00e3o em Migu\u00e9zim. Bartira revela para Farid que est\u00e1 gr\u00e1vida. Neusa faz promessa para engravidar. Lilica procura Nicolau no pal\u00e1cio. Migu\u00e9zim \u00e9 levado pelos capangas de Tim\u00f3teo. Jana\u00edna leva Nidinho para acalmar Petrus. Ant\u00f4nia desmaia e Benvinda a acode. Bel e Z\u00f3io-Furado deixam C\u00edcero em uma estrada deserta, mas Pen\u00e9lope o encontra. Felipe beija A\u00e7ucena, contra a sua vontade, quando Jesu\u00edno chega.<\/p>\n<p>(*) edi\u00e7\u00e3o da Rede Globo, Novela \u201cCordel Encantado\u201d, sujeito a altera\u00e7\u00e3o de data e conte\u00fado.<\/p>\n<p>Sinopse \u201cCordel Encantado\u201d: Vendo o marido muito ferido, depois de mais uma terr\u00edvel batalha, a rainha Helena (Mariana Lima) vai ao castelo inimigo amaldi\u00e7oar toda a fam\u00edlia do rei Augusto. Faz isso gr\u00e1vida de In\u00e1cio (Maur\u00edcio Destri) e acompanhada de seu filho mais velho, Felipe (Jayme Matarazzo). O monarca se comove com a dor de Helena e, por sugest\u00e3o de Cristina, prop\u00f5e um acordo a Teobaldo, ferido mortalmente: seus primog\u00eanitos Aurora e Felipe devem se casar quando atingirem a maior idade, unificando e trazendo paz aos dois estados. Teobaldo aceita o acordo e morre logo depois. As duas crian\u00e7as s\u00e3o apresentadas publicamente como os futuros reis de Ser\u00e1fia.<\/p>\n<p>Seguindo a interpreta\u00e7\u00e3o on\u00edrica feita por Amadeus, uma longa viagem come\u00e7a a ser planejada. Zen\u00f3bio Alfredo (Guilherme Fontes), bot\u00e2nico de Ser\u00e1fia do Norte, que estava no Brasil envolvido com pesquisas cient\u00edficas, traz ao rei not\u00edcias de um tesouro, escondido em terras tropicais pelo fundador do reino, Dom Serafim. O bot\u00e2nico sugere que o rei financie uma expedi\u00e7\u00e3o a Brogod\u00f3, e Augusto, amante das ci\u00eancias e das aventuras, n\u00e3o s\u00f3 concorda com a ideia como faz quest\u00e3o de liderar a empreitada. O rei s\u00f3 n\u00e3o contava que sua esposa, a rainha Cristina, resolveria acompanh\u00e1-lo, levando consigo a pequena Aurora.<\/p>\n","protected":false},"excerpt":{"rendered":"<p>Resumo novela \u201cCordel Encantado\u201d 08\/02 : no cap\u00edtulo 019(*) da novela, resumo de sexta-feira, 08 de fevereiro, Migu\u00e9zim impede a entrada de Tim\u00f3teo no pal\u00e1cio e o enfrenta. Todos na cidade acordam assustados com a prega\u00e7\u00e3o de Migu\u00e9zim. Migu\u00e9zim afirma a A\u00e7ucena que ela corre perigo. Jesu\u00edno tenta falar com a noiva, mas Felipe o [&hellip;]<\/p>\n","protected":false},"author":4,"featured_media":165215,"comment_status":"open","ping_status":"closed","sticky":false,"template":"","format":"standard","meta":{"tdm_status":"","tdm_grid_status":"","footnotes":""},"categories":[535,379,375,343],"tags":[441],"class_list":{"0":"post-168516","1":"post","2":"type-post","3":"status-publish","4":"format-standard","5":"has-post-thumbnail","7":"category-cordel-encantado","8":"category-novelas","9":"category-rede-globo","10":"category-televisao","11":"tag-resumo-do-dia"},"_links":{"self":[{"href":"https:\/\/migracao.redenoticia.com.br\/noticia\/wp-json\/wp\/v2\/posts\/168516","targetHints":{"allow":["GET"]}}],"collection":[{"href":"https:\/\/migracao.redenoticia.com.br\/noticia\/wp-json\/wp\/v2\/posts"}],"about":[{"href":"https:\/\/migracao.redenoticia.com.br\/noticia\/wp-json\/wp\/v2\/types\/post"}],"author":[{"embeddable":true,"href":"https:\/\/migracao.redenoticia.com.br\/noticia\/wp-json\/wp\/v2\/users\/4"}],"replies":[{"embeddable":true,"href":"https:\/\/migracao.redenoticia.com.br\/noticia\/wp-json\/wp\/v2\/comments?post=168516"}],"version-history":[{"count":0,"href":"https:\/\/migracao.redenoticia.com.br\/noticia\/wp-json\/wp\/v2\/posts\/168516\/revisions"}],"wp:featuredmedia":[{"embeddable":true,"href":"https:\/\/migracao.redenoticia.com.br\/noticia\/wp-json\/wp\/v2\/media\/165215"}],"wp:attachment":[{"href":"https:\/\/migracao.redenoticia.com.br\/noticia\/wp-json\/wp\/v2\/media?parent=168516"}],"wp:term":[{"taxonomy":"category","embeddable":true,"href":"https:\/\/migracao.redenoticia.com.br\/noticia\/wp-json\/wp\/v2\/categories?post=168516"},{"taxonomy":"post_tag","embeddable":true,"href":"https:\/\/migracao.redenoticia.com.br\/noticia\/wp-json\/wp\/v2\/tags?post=168516"}],"curies":[{"name":"wp","href":"https:\/\/api.w.org\/{rel}","templated":true}]}}