{"id":168750,"date":"2019-02-09T16:13:09","date_gmt":"2019-02-09T18:13:09","guid":{"rendered":"https:\/\/www.redenoticia.com.br\/noticia\/?p=168750"},"modified":"2019-02-09T16:13:11","modified_gmt":"2019-02-09T18:13:11","slug":"resumo-novela-as-aventuras-de-poliana-11-02-debora-encontra-os-capangas","status":"publish","type":"post","link":"https:\/\/migracao.redenoticia.com.br\/noticia\/2019\/resumo-novela-as-aventuras-de-poliana-11-02-debora-encontra-os-capangas\/168750","title":{"rendered":"Resumo novela \u201cAs Aventuras de Poliana\u201d 11\/02: D\u00e9bora encontra os capangas"},"content":{"rendered":"<p><strong><em><img loading=\"lazy\" decoding=\"async\" class=\"aligncenter size-large wp-image-148662\" src=\"https:\/\/migracao.redenoticia.com.br\/noticia\/imagens\/as-aventuras-de-poliana-novela-400x267.jpg\" alt=\"\" width=\"400\" height=\"267\" srcset=\"https:\/\/migracao.redenoticia.com.br\/noticia\/imagens\/as-aventuras-de-poliana-novela-400x267.jpg 400w, https:\/\/migracao.redenoticia.com.br\/noticia\/imagens\/as-aventuras-de-poliana-novela-250x167.jpg 250w, https:\/\/migracao.redenoticia.com.br\/noticia\/imagens\/as-aventuras-de-poliana-novela-150x100.jpg 150w, https:\/\/migracao.redenoticia.com.br\/noticia\/imagens\/as-aventuras-de-poliana-novela.jpg 600w\" sizes=\"auto, (max-width: 400px) 100vw, 400px\" \/>Resumo novela \u201cAs Aventuras de Poliana\u201d 11\/02 <\/em><\/strong>: no cap\u00edtulo 194(*) da novela, resumo de segunda-feira, 11 de fevereiro, ap\u00f3s a briga em frente a toda a escola, Poliana diz a Jo\u00e3o que os dois precisam conversar. Mirela e Raquel comemoram o bom desempenho da Chapa Contente no debate. Bento tenta consolar Poliana, dizendo que a tristeza faz parte da vida, mas que ela n\u00e3o pode deixar se abater por esse sentimento. Branca realiza uma atividade em grupo na aula de dan\u00e7a, na qual pares precisar\u00e3o ser formados. D\u00e9bora manda os capangas que invadiram a casa dela e de Marcelo recolocarem a porta que arrombaram no lugar.<\/p>\n<p>Jo\u00e3o flagra, de tr\u00e1s de uma \u00e1rvore, D\u00e9bora combinando algo com os capangas na porta da casa. Guilherme faz par com Brenda na aula de dan\u00e7a e Raquel fica enciumada. Jo\u00e3o conta tudo o que viu para Marcelo. Claudia sai de casa feliz da vida para seu piquenique com Durval. D\u00e9bora procura Roger e diz que precisa de sua ajuda para elaborar um belo jantar em fam\u00edlia e, com isso, ganhar a confian\u00e7a de Gl\u00f3ria. \u00c9ric, convida Paola para repetir o dueto de saxofone e sapateado que fizeram uma vez.<\/p>\n<p>Filipa inventa uma trapa\u00e7a para a chapa Universo Jovem ganhar as elei\u00e7\u00f5es do gr\u00eamio e Yasmin ajuda a coloc\u00e1-la em pr\u00e1tica. Guilherme pede um emprego para Durval na padaria. O clubinho MaGaBeLo coloca em pr\u00e1tica o plano para arruinar o piquenique. D\u00e9bora pede a Marcelo a realiza\u00e7\u00e3o de um jantar para toda a fam\u00edlia, e ele aceita.<\/p>\n<p>(*) edi\u00e7\u00e3o do SBT, Novela \u201cAs Aventuras de Poliana\u201d, sujeito a altera\u00e7\u00e3o de data e conte\u00fado.<\/p>\n<p>Poliana \u00e9 uma menina extrovertida e de bom cora\u00e7\u00e3o que viajava o Brasil com seus pais, Lorenzo e Alice, no grupo circense Trupe Vagalume. Aos onze anos a garota v\u00ea seu mundo desabar quando seus pais falecem e ela tem que ir morar em S\u00e3o Paulo com sua tia Lu\u00edsa, uma mulher rica e severa, a qual ela n\u00e3o conhecia e que n\u00e3o queria cuidar dela, embora sinta que \u00e9 sua obriga\u00e7\u00e3o pela alma de sua irm\u00e3. Apesar do jeito da rigidez da tia, Poliana decide ter uma vis\u00e3o positiva e inabal\u00e1vel da vida, mesmo nos momentos de dificuldade, tentando levar um pouco de felicidade para a vida de cada um dos seus novos amigos e vizinhos, como o Sr. Pendleton, um homem rico e infeliz por nunca ter tido filhos. Ela vai estudar no col\u00e9gio de Ruth, uma diretora de bom cora\u00e7\u00e3o que a ajuda a se adaptar, mas tem que lidar com as vilanias de Mirela, garota mais velha que n\u00e3o aceita perder a popularidade para uma novata.<\/p>\n","protected":false},"excerpt":{"rendered":"<p>Resumo novela \u201cAs Aventuras de Poliana\u201d 11\/02 : no cap\u00edtulo 194(*) da novela, resumo de segunda-feira, 11 de fevereiro, ap\u00f3s a briga em frente a toda a escola, Poliana diz a Jo\u00e3o que os dois precisam conversar. Mirela e Raquel comemoram o bom desempenho da Chapa Contente no debate. Bento tenta consolar Poliana, dizendo que [&hellip;]<\/p>\n","protected":false},"author":2,"featured_media":148663,"comment_status":"open","ping_status":"closed","sticky":false,"template":"","format":"standard","meta":{"tdm_status":"","tdm_grid_status":"","footnotes":""},"categories":[477,379,372,343],"tags":[441],"class_list":{"0":"post-168750","1":"post","2":"type-post","3":"status-publish","4":"format-standard","5":"has-post-thumbnail","7":"category-as-aventuras-de-poliana","8":"category-novelas","9":"category-sbt","10":"category-televisao","11":"tag-resumo-do-dia"},"_links":{"self":[{"href":"https:\/\/migracao.redenoticia.com.br\/noticia\/wp-json\/wp\/v2\/posts\/168750","targetHints":{"allow":["GET"]}}],"collection":[{"href":"https:\/\/migracao.redenoticia.com.br\/noticia\/wp-json\/wp\/v2\/posts"}],"about":[{"href":"https:\/\/migracao.redenoticia.com.br\/noticia\/wp-json\/wp\/v2\/types\/post"}],"author":[{"embeddable":true,"href":"https:\/\/migracao.redenoticia.com.br\/noticia\/wp-json\/wp\/v2\/users\/2"}],"replies":[{"embeddable":true,"href":"https:\/\/migracao.redenoticia.com.br\/noticia\/wp-json\/wp\/v2\/comments?post=168750"}],"version-history":[{"count":0,"href":"https:\/\/migracao.redenoticia.com.br\/noticia\/wp-json\/wp\/v2\/posts\/168750\/revisions"}],"wp:featuredmedia":[{"embeddable":true,"href":"https:\/\/migracao.redenoticia.com.br\/noticia\/wp-json\/wp\/v2\/media\/148663"}],"wp:attachment":[{"href":"https:\/\/migracao.redenoticia.com.br\/noticia\/wp-json\/wp\/v2\/media?parent=168750"}],"wp:term":[{"taxonomy":"category","embeddable":true,"href":"https:\/\/migracao.redenoticia.com.br\/noticia\/wp-json\/wp\/v2\/categories?post=168750"},{"taxonomy":"post_tag","embeddable":true,"href":"https:\/\/migracao.redenoticia.com.br\/noticia\/wp-json\/wp\/v2\/tags?post=168750"}],"curies":[{"name":"wp","href":"https:\/\/api.w.org\/{rel}","templated":true}]}}