{"id":16881,"date":"2009-11-11T10:17:22","date_gmt":"2009-11-11T14:17:22","guid":{"rendered":"http:\/\/www.redenoticia.com.br\/noticia\/?p=16881"},"modified":"2009-11-11T10:17:22","modified_gmt":"2009-11-11T14:17:22","slug":"inss-concurso-sai-edital-para-178-vagas-com-inscricao-pela-internet-cesp-unb","status":"publish","type":"post","link":"https:\/\/migracao.redenoticia.com.br\/noticia\/2009\/inss-concurso-sai-edital-para-178-vagas-com-inscricao-pela-internet-cesp-unb\/16881","title":{"rendered":"INSS CONCURSO: Sai edital para 178 vagas com inscri\u00e7\u00e3o pela internet Cesp UNB"},"content":{"rendered":"<p><strong>Edital<\/strong>\u00a0<strong>INSS<\/strong> para 178 vagas com <strong>inscri\u00e7\u00e3o pela internet<\/strong> &#8211; ser\u00e3o preenchidos postos de Administrador, T\u00e9cnico em Comunica\u00e7\u00e3o Social e Agente Administrativo. Foi publicado no Di\u00e1rio Oficial da Uni\u00e3o desta ter\u00e7a-feira (10) o edital para preenchimento de 178 vagas em cinco cargos de n\u00edvel superior e m\u00e9dio da Carreira da Previd\u00eancia, Sa\u00fade e do Trabalho. As inscri\u00e7\u00f5es poder\u00e3o ser feitas via internet (<a href=\"http:\/\/www.cespe.unb.br\/concursos\/mps2009\" target=\"_blank\">www.cespe.unb.br\/concursos\/mps2009<\/a>) no per\u00edodo entre 10 horas do dia 16 de novembro de 2009 e 23 horas e 59 minutos do dia 6 de dezembro de 2009, no hor\u00e1rio oficial de Bras\u00edlia.\u00a0<\/p>\n<p>As vagas de n\u00edvel superior s\u00e3o para Administrador (3), t\u00e9cnico em Comunica\u00e7\u00e3o Social \u2013 Jornalismo (8), t\u00e9cnico em Comunica\u00e7\u00e3o Social \u2013 Publicidade e Propaganda (1) e t\u00e9cnico em Comunica\u00e7\u00e3o Social &#8211; Rela\u00e7\u00f5es P\u00fablicas (1). As de n\u00edvel m\u00e9dio s\u00e3o para agente administrativo (165). Todas s\u00e3o para o Minist\u00e9rio da Previd\u00eancia Social, com lota\u00e7\u00e3o em Bras\u00edlia.<\/p>\n<p>A remunera\u00e7\u00e3o para as fun\u00e7\u00f5es de n\u00edvel superior \u00e9 de R$ 2.222,72 de sal\u00e1rio, enquanto que para as de n\u00edvel m\u00e9dio \u00e9 de R$ 1.910,95. As inscri\u00e7\u00f5es custam R$ 44 (n\u00edvel superior) e R$ 38,00 (n\u00edvel m\u00e9dio). As provas ser\u00e3o realizadas no Distrito Federal, na data prov\u00e1vel de 17 de janeiro.<\/p>\n<p>INSS ACS\/MPS<\/p>\n","protected":false},"excerpt":{"rendered":"<p>Edital\u00a0INSS para 178 vagas com inscri\u00e7\u00e3o pela internet &#8211; ser\u00e3o preenchidos postos de Administrador, T\u00e9cnico em Comunica\u00e7\u00e3o Social e Agente Administrativo. Foi publicado no Di\u00e1rio Oficial da Uni\u00e3o desta ter\u00e7a-feira (10) o edital para preenchimento de 178 vagas em cinco cargos de n\u00edvel superior e m\u00e9dio da Carreira da Previd\u00eancia, Sa\u00fade e do Trabalho. As [&hellip;]<\/p>\n","protected":false},"author":3,"featured_media":0,"comment_status":"open","ping_status":"open","sticky":false,"template":"","format":"standard","meta":{"tdm_status":"","tdm_grid_status":"","footnotes":""},"categories":[352,370],"tags":[],"class_list":{"0":"post-16881","1":"post","2":"type-post","3":"status-publish","4":"format-standard","6":"category-concursos","7":"category-inscricao"},"_links":{"self":[{"href":"https:\/\/migracao.redenoticia.com.br\/noticia\/wp-json\/wp\/v2\/posts\/16881","targetHints":{"allow":["GET"]}}],"collection":[{"href":"https:\/\/migracao.redenoticia.com.br\/noticia\/wp-json\/wp\/v2\/posts"}],"about":[{"href":"https:\/\/migracao.redenoticia.com.br\/noticia\/wp-json\/wp\/v2\/types\/post"}],"author":[{"embeddable":true,"href":"https:\/\/migracao.redenoticia.com.br\/noticia\/wp-json\/wp\/v2\/users\/3"}],"replies":[{"embeddable":true,"href":"https:\/\/migracao.redenoticia.com.br\/noticia\/wp-json\/wp\/v2\/comments?post=16881"}],"version-history":[{"count":0,"href":"https:\/\/migracao.redenoticia.com.br\/noticia\/wp-json\/wp\/v2\/posts\/16881\/revisions"}],"wp:attachment":[{"href":"https:\/\/migracao.redenoticia.com.br\/noticia\/wp-json\/wp\/v2\/media?parent=16881"}],"wp:term":[{"taxonomy":"category","embeddable":true,"href":"https:\/\/migracao.redenoticia.com.br\/noticia\/wp-json\/wp\/v2\/categories?post=16881"},{"taxonomy":"post_tag","embeddable":true,"href":"https:\/\/migracao.redenoticia.com.br\/noticia\/wp-json\/wp\/v2\/tags?post=16881"}],"curies":[{"name":"wp","href":"https:\/\/api.w.org\/{rel}","templated":true}]}}