{"id":16884,"date":"2009-11-11T11:39:51","date_gmt":"2009-11-11T15:39:51","guid":{"rendered":"http:\/\/www.redenoticia.com.br\/noticia\/?p=16884"},"modified":"2009-11-11T11:39:51","modified_gmt":"2009-11-11T15:39:51","slug":"jonas-brothers-kevin-joe-e-nick-lucas-em-novos-episodios-jonas","status":"publish","type":"post","link":"https:\/\/migracao.redenoticia.com.br\/noticia\/2009\/jonas-brothers-kevin-joe-e-nick-lucas-em-novos-episodios-jonas\/16884","title":{"rendered":"Jonas Brothers, Kevin, Joe e Nick Lucas, em novos epis\u00f3dios Jonas"},"content":{"rendered":"<p><img loading=\"lazy\" decoding=\"async\" class=\"alignleft size-full wp-image-10594\" title=\"jonasbrothers\" src=\"https:\/\/migracao.redenoticia.com.br\/noticia\/imagens\/jonasbrothers.jpg\" alt=\"jonasbrothers\" width=\"150\" height=\"113\" srcset=\"https:\/\/migracao.redenoticia.com.br\/noticia\/imagens\/jonasbrothers.jpg 150w, https:\/\/migracao.redenoticia.com.br\/noticia\/imagens\/jonasbrothers-148x112.jpg 148w\" sizes=\"auto, (max-width: 150px) 100vw, 150px\" \/>Os <strong>Jonas Brothers<\/strong>, sensa\u00e7\u00e3o musical, atuam como fict\u00edcias estrelas do rock nessa s\u00e9rie, com m\u00fasicas originais em v\u00e1rios epis\u00f3dios. A hist\u00f3ria apresenta os irm\u00e3os <em>Kevin, Joe e Nick Lucas<\/em> que criaram a banda <strong>JONAS<\/strong>. Eles passam por divertidos encontros e aventuras onde tentam seguir com suas vidas normais, apesar das guitarras maravilhosas, dos shows do JONAS, das roupas descoladas, das multid\u00f5es de f\u00e3s apaixonadas seguindo todos os seus passos. A s\u00e9rie se passa em New Jersey, na casa dos irm\u00e3os Lucas (antigo corpo de bombeiros), onde eles vivem com seus pais Tom e Sandy, e Frankie, o irm\u00e3o mais novo. Na escola Horace Mantis Academy, eles estudam com Stella Malone, amiga de longa data e guru de moda, e Macy Misa, a autoproclamada f\u00e3 n\u00famero 1 do JONAS.<\/p>\n<p>NOVOS EPIS\u00d3DIOS DE JONAS<br \/>\nA partir deste m\u00eas, todas as sextas-feiras, \u00e0s 19h15, no Zapping Zone.<\/p>\n<p>DOMINGO, DIA 15, A PARTIR DAS 20H: DOBRADINHA TOY STORY<br \/>\nOutros hor\u00e1rios de exibi\u00e7\u00e3o:<br \/>\nToy Story: dia 19, \u00e0s 20h<\/p>\n<p>Toy Story 2: dia 25, \u00e0s 20<\/p>\n<p>Toy Story: A harmonia e a paz reinavam entre os brinquedos at\u00e9 o dia em que Andy ganha de presente de anivers\u00e1rio um boneco novo: Buzz Lightyear, um charmoso her\u00f3i espacial que se torna imediatamente o brinquedo favorito de Andy. Woody come\u00e7a a sentir ci\u00fames. Ele se irrita n\u00e3o s\u00f3 com o fato de Buzz ter tomado o lugar que lhe pertencia mas tamb\u00e9m com a arrog\u00e2ncia desse boneco que n\u00e3o consegue assumir que \u00e9 um brinquedo e, portanto se considera um verdadeiro her\u00f3i espacial que tem o dever de salvar o universo. Numa tentativa de evitar que Andy leve Buzz Lightyear \u00e0 excurs\u00e3o, Woody bate no boneco que sai pela janela e cai na casa ao lado. Ali vive Sid, um garoto que destrutivo cujo hobby \u00e9 fazer coisas terr\u00edveis com os brinquedos. Desesperado e com o objetivo de se redimir ante seus companheiros, Woody decide partir para salvar seu rival.<\/p>\n<p>Toy Story 2: Buzz Lightyear, Woody, um grupo colorido de bonecos j\u00e1 conhecidos e alguns novos personagens se unem para dar vida a esta segunda parte de Toy Story em uma aventura repleta de risos, emo\u00e7\u00f5es e surpresas. Buzz Lightyear, Mr. Potato Head e seus amigos dever\u00e3o resgatar Woody das m\u00e3os de um colecionador que o sequestrou e quer coloc\u00e1-lo em exposi\u00e7\u00e3o em um museu. Entre risos e muita divers\u00e3o, eles devem inventar um plano que funcione!<\/p>\n","protected":false},"excerpt":{"rendered":"<p>Os Jonas Brothers, sensa\u00e7\u00e3o musical, atuam como fict\u00edcias estrelas do rock nessa s\u00e9rie, com m\u00fasicas originais em v\u00e1rios epis\u00f3dios. A hist\u00f3ria apresenta os irm\u00e3os Kevin, Joe e Nick Lucas que criaram a banda JONAS. Eles passam por divertidos encontros e aventuras onde tentam seguir com suas vidas normais, apesar das guitarras maravilhosas, dos shows do [&hellip;]<\/p>\n","protected":false},"author":3,"featured_media":0,"comment_status":"open","ping_status":"open","sticky":false,"template":"","format":"standard","meta":{"tdm_status":"","tdm_grid_status":"","footnotes":""},"categories":[22,343],"tags":[],"class_list":{"0":"post-16884","1":"post","2":"type-post","3":"status-publish","4":"format-standard","6":"category-brasil","7":"category-televisao"},"_links":{"self":[{"href":"https:\/\/migracao.redenoticia.com.br\/noticia\/wp-json\/wp\/v2\/posts\/16884","targetHints":{"allow":["GET"]}}],"collection":[{"href":"https:\/\/migracao.redenoticia.com.br\/noticia\/wp-json\/wp\/v2\/posts"}],"about":[{"href":"https:\/\/migracao.redenoticia.com.br\/noticia\/wp-json\/wp\/v2\/types\/post"}],"author":[{"embeddable":true,"href":"https:\/\/migracao.redenoticia.com.br\/noticia\/wp-json\/wp\/v2\/users\/3"}],"replies":[{"embeddable":true,"href":"https:\/\/migracao.redenoticia.com.br\/noticia\/wp-json\/wp\/v2\/comments?post=16884"}],"version-history":[{"count":0,"href":"https:\/\/migracao.redenoticia.com.br\/noticia\/wp-json\/wp\/v2\/posts\/16884\/revisions"}],"wp:attachment":[{"href":"https:\/\/migracao.redenoticia.com.br\/noticia\/wp-json\/wp\/v2\/media?parent=16884"}],"wp:term":[{"taxonomy":"category","embeddable":true,"href":"https:\/\/migracao.redenoticia.com.br\/noticia\/wp-json\/wp\/v2\/categories?post=16884"},{"taxonomy":"post_tag","embeddable":true,"href":"https:\/\/migracao.redenoticia.com.br\/noticia\/wp-json\/wp\/v2\/tags?post=16884"}],"curies":[{"name":"wp","href":"https:\/\/api.w.org\/{rel}","templated":true}]}}