{"id":168849,"date":"2019-02-10T17:20:40","date_gmt":"2019-02-10T19:20:40","guid":{"rendered":"https:\/\/www.redenoticia.com.br\/noticia\/?p=168849"},"modified":"2019-02-10T17:20:42","modified_gmt":"2019-02-10T19:20:42","slug":"novela-cordel-encantado-timoteo-aceita-que-inacio-e-antonia-fiquem-noivos","status":"publish","type":"post","link":"https:\/\/migracao.redenoticia.com.br\/noticia\/2019\/novela-cordel-encantado-timoteo-aceita-que-inacio-e-antonia-fiquem-noivos\/168849","title":{"rendered":"Novela &#8220;Cordel Encantado&#8221;: Tim\u00f3teo aceita que In\u00e1cio e Ant\u00f4nia fiquem noivos"},"content":{"rendered":"<p><strong><em><img loading=\"lazy\" decoding=\"async\" class=\"aligncenter size-large wp-image-165215\" src=\"https:\/\/migracao.redenoticia.com.br\/noticia\/imagens\/cordel-003-400x300.jpg\" alt=\"\" width=\"400\" height=\"300\" srcset=\"https:\/\/migracao.redenoticia.com.br\/noticia\/imagens\/cordel-003-400x300.jpg 400w, https:\/\/migracao.redenoticia.com.br\/noticia\/imagens\/cordel-003-250x187.jpg 250w, https:\/\/migracao.redenoticia.com.br\/noticia\/imagens\/cordel-003-150x113.jpg 150w, https:\/\/migracao.redenoticia.com.br\/noticia\/imagens\/cordel-003-265x198.jpg 265w, https:\/\/migracao.redenoticia.com.br\/noticia\/imagens\/cordel-003.jpg 480w\" sizes=\"auto, (max-width: 400px) 100vw, 400px\" \/>Novela &#8220;Cordel Encantado&#8221;:<\/em><\/strong> Jesu\u00edno (Cau\u00e3 Reymond) organiza um bando de justiceiros. Doralice (Nathalia Dill) finge que \u00e9 homem, Fub\u00e1, e entra para o bando. Eles montam uma emboscada e resgatam Ant\u00f4nia (Luiza Valdetaro) do c\u00e1rcere de Tim\u00f3teo (Bruno Gagliasso). Dias depois, Doralice leva In\u00e1cio (Mauricio Destri) e Rainha Helena (Mariana Lima) at\u00e9 Vila da Cruz, onde Ant\u00f4nia est\u00e1 escondida.<\/p>\n<p>Mesmo indignada com o dote exigido por Tim\u00f3teo, Helena resolve ceder \u00e0 vontade do novo coronel. A Rainha volta para a fazenda com In\u00e1cio e Ant\u00f4nia, que fica surpreso em v\u00ea-los \u201cConcordo em pagar um dote por sua irm\u00e3, para que ela fique noiva e se case com meu filho, In\u00e1cio\u201d.<\/p>\n<p>Rainha Helena e Rei Augusto (Carmo Dalla Vecchia) v\u00e3o \u00e0 fazenda de Tim\u00f3teo entregar o dote combinado para que os dois fiquem noivos. Al\u00e9m do ouro e joias, a rainha tamb\u00e9m oferece um agrado ao novo coronel: \u201cCasando-se com In\u00e1cio, sua irm\u00e3 receber\u00e1 um t\u00edtulo de nobreza. E o senhor tamb\u00e9m receber\u00e1 um equivalente\u201d.<\/p>\n<p>Tim\u00f3teo fica satisfeito e todos comemoram o acerto de contas entre as duas fam\u00edlias. In\u00e1cio e Ant\u00f4nia se beijam apaixonados, quando Bator\u00e9 (Osmar Prado) aparece na varanda da fazenda. O delegado se descontrola depois de ouvir toda a conversa escondido. \u201cIsso \u00e9 uma pouca vergonha! Todos voc\u00eas v\u00e3o se arrepender! Voc\u00ea era minha noiva! Minha! Minha!\u201d, grita. Cena prevista para fevereiro na Novela &#8220;Cordel Encantado&#8221;.<\/p>\n<p>Sinopse &#8220;Cordel Encantado&#8221;: Augusto e sua rainha vivem uma vida harmoniosa e feliz, sem imaginar que est\u00e3o cercados por dois vil\u00f5es: \u00darsula (D\u00e9bora Bloch), cunhada do rei, e Nicolau (Luiz Fernando Guimar\u00e3es), o atrapalhado mordomo da corte. A bela, elegante e sofisticada duquesa \u00e9 a pessoa mais perigosa e falsa de todo o reino. Ajudada por Nicolau, seu amante, \u00darsula deseja se tornar rainha. E a viagem a Brogod\u00f3 \u00e9 a chance que a duquesa sempre quis para se livrar de Cristina e da princesa.<\/p>\n<p>A sede de poder da dupla de vil\u00f5es \u00e9 crescente: no Brasil, para onde se muda com a corte europeia, o casal continua a planejar e executar planos para conseguir o que quer. No decorrer da novela, revela-se que Lady Cec\u00edlia (Sofia Terra), que \u00darsula criava como sobrinha, \u00e9 filha da vil\u00e3 com o general Baldini (Em\u00edlio de Mello), militar do ex\u00e9rcito de Ser\u00e1fia do Norte.<\/p>\n<p>Fonte Rede Globo &#8220;Cordel Encantado\u201d<\/p>\n","protected":false},"excerpt":{"rendered":"<p>Novela &#8220;Cordel Encantado&#8221;: Jesu\u00edno (Cau\u00e3 Reymond) organiza um bando de justiceiros. Doralice (Nathalia Dill) finge que \u00e9 homem, Fub\u00e1, e entra para o bando. Eles montam uma emboscada e resgatam Ant\u00f4nia (Luiza Valdetaro) do c\u00e1rcere de Tim\u00f3teo (Bruno Gagliasso). Dias depois, Doralice leva In\u00e1cio (Mauricio Destri) e Rainha Helena (Mariana Lima) at\u00e9 Vila da Cruz, [&hellip;]<\/p>\n","protected":false},"author":2,"featured_media":165213,"comment_status":"open","ping_status":"closed","sticky":false,"template":"","format":"standard","meta":{"tdm_status":"","tdm_grid_status":"","footnotes":""},"categories":[535,388,379,375,343],"tags":[440],"class_list":{"0":"post-168849","1":"post","2":"type-post","3":"status-publish","4":"format-standard","5":"has-post-thumbnail","7":"category-cordel-encantado","8":"category-destaques","9":"category-novelas","10":"category-rede-globo","11":"category-televisao","12":"tag-noticia-novela"},"_links":{"self":[{"href":"https:\/\/migracao.redenoticia.com.br\/noticia\/wp-json\/wp\/v2\/posts\/168849","targetHints":{"allow":["GET"]}}],"collection":[{"href":"https:\/\/migracao.redenoticia.com.br\/noticia\/wp-json\/wp\/v2\/posts"}],"about":[{"href":"https:\/\/migracao.redenoticia.com.br\/noticia\/wp-json\/wp\/v2\/types\/post"}],"author":[{"embeddable":true,"href":"https:\/\/migracao.redenoticia.com.br\/noticia\/wp-json\/wp\/v2\/users\/2"}],"replies":[{"embeddable":true,"href":"https:\/\/migracao.redenoticia.com.br\/noticia\/wp-json\/wp\/v2\/comments?post=168849"}],"version-history":[{"count":0,"href":"https:\/\/migracao.redenoticia.com.br\/noticia\/wp-json\/wp\/v2\/posts\/168849\/revisions"}],"wp:featuredmedia":[{"embeddable":true,"href":"https:\/\/migracao.redenoticia.com.br\/noticia\/wp-json\/wp\/v2\/media\/165213"}],"wp:attachment":[{"href":"https:\/\/migracao.redenoticia.com.br\/noticia\/wp-json\/wp\/v2\/media?parent=168849"}],"wp:term":[{"taxonomy":"category","embeddable":true,"href":"https:\/\/migracao.redenoticia.com.br\/noticia\/wp-json\/wp\/v2\/categories?post=168849"},{"taxonomy":"post_tag","embeddable":true,"href":"https:\/\/migracao.redenoticia.com.br\/noticia\/wp-json\/wp\/v2\/tags?post=168849"}],"curies":[{"name":"wp","href":"https:\/\/api.w.org\/{rel}","templated":true}]}}