{"id":168851,"date":"2019-02-10T17:26:48","date_gmt":"2019-02-10T19:26:48","guid":{"rendered":"https:\/\/www.redenoticia.com.br\/noticia\/?p=168851"},"modified":"2019-02-10T17:26:50","modified_gmt":"2019-02-10T19:26:50","slug":"novela-cordel-encantado-zenobio-e-florinda-livram-petrus-da-mascara","status":"publish","type":"post","link":"https:\/\/migracao.redenoticia.com.br\/noticia\/2019\/novela-cordel-encantado-zenobio-e-florinda-livram-petrus-da-mascara\/168851","title":{"rendered":"Novela &#8220;Cordel Encantado&#8221;: Zen\u00f3bio e Florinda livram Petrus da m\u00e1scara"},"content":{"rendered":"<p><strong><em><img loading=\"lazy\" decoding=\"async\" class=\"aligncenter size-large wp-image-165213\" src=\"https:\/\/migracao.redenoticia.com.br\/noticia\/imagens\/cordel-005-400x181.jpg\" alt=\"\" width=\"400\" height=\"181\" srcset=\"https:\/\/migracao.redenoticia.com.br\/noticia\/imagens\/cordel-005-400x181.jpg 400w, https:\/\/migracao.redenoticia.com.br\/noticia\/imagens\/cordel-005-250x113.jpg 250w, https:\/\/migracao.redenoticia.com.br\/noticia\/imagens\/cordel-005-150x68.jpg 150w, https:\/\/migracao.redenoticia.com.br\/noticia\/imagens\/cordel-005-560x254.jpg 560w, https:\/\/migracao.redenoticia.com.br\/noticia\/imagens\/cordel-005.jpg 686w\" sizes=\"auto, (max-width: 400px) 100vw, 400px\" \/>Novela &#8220;Cordel Encantado&#8221;:<\/em><\/strong> Florinda (Emanuelle Ara\u00fajo) encontra o mascarado, ele se esconde mas ela resolve ir atr\u00e1s do homem misterioso do cinema. Chegando l\u00e1, ela v\u00ea o vulto de Petrus (Felipe Camargo). Uma fresta de luz ilumina o rosto do mascarado, ela fica completamente chocada: \u201cMeu Deus! O que fizeram com voc\u00ea?!\u201d.<\/p>\n<p>Florinda o leva at\u00e9 a sua casa para que, com a ajuda de Zen\u00f3bio (Guilherme Fontes), tentem tirar a m\u00e1scara dele. O bot\u00e2nico se aproxima dele com um martelo: \u201cVou ter que bater no cadeado com for\u00e7a, at\u00e9 que ele se solte. N\u00e3o h\u00e1 outro jeito de tirar a m\u00e1scara\u201d. Florinda segura as m\u00e3os do mascarado, que est\u00e1 aflito.<\/p>\n<p>Ap\u00f3s muitas marteladas, o cadeado se abre e, finalmente, a m\u00e1scara \u00e9 retirada. Zen\u00f3bio e Florinda ficam assustados com o que veem: um rosto barbado, com cabelos longos. Florinda corta a barba e o cabelo de Petrus e, Zen\u00f3bio acha o rosto do homem bem familiar.<\/p>\n<p>Desconfiado, o bot\u00e2nico pega a capa que Petrus usava e v\u00ea um bras\u00e3o de Ser\u00e1fia. \u201cO bras\u00e3o de Ser\u00e1fia! E esse outro s\u00edmbolo, \u00e9 de Amadeus! Ele n\u00e3o \u00e9 Amadeus. Ele \u00e9 Petrus, o irm\u00e3o do Rei Augusto. Dado como morto h\u00e1 vinte anos\u201d, afirma. Zen\u00f3bio fica at\u00f4nito e diz que eles precisam descobrir quem fez tamanha maldade ao duque. Cena prevista para fevereiro na Novela &#8220;Cordel Encantado&#8221;.<\/p>\n<p>Sinopse &#8220;Cordel Encantado&#8221;: Augusto e sua rainha vivem uma vida harmoniosa e feliz, sem imaginar que est\u00e3o cercados por dois vil\u00f5es: \u00darsula (D\u00e9bora Bloch), cunhada do rei, e Nicolau (Luiz Fernando Guimar\u00e3es), o atrapalhado mordomo da corte. A bela, elegante e sofisticada duquesa \u00e9 a pessoa mais perigosa e falsa de todo o reino. Ajudada por Nicolau, seu amante, \u00darsula deseja se tornar rainha. E a viagem a Brogod\u00f3 \u00e9 a chance que a duquesa sempre quis para se livrar de Cristina e da princesa.<\/p>\n<p>A sede de poder da dupla de vil\u00f5es \u00e9 crescente: no Brasil, para onde se muda com a corte europeia, o casal continua a planejar e executar planos para conseguir o que quer. No decorrer da novela, revela-se que Lady Cec\u00edlia (Sofia Terra), que \u00darsula criava como sobrinha, \u00e9 filha da vil\u00e3 com o general Baldini (Em\u00edlio de Mello), militar do ex\u00e9rcito de Ser\u00e1fia do Norte.<\/p>\n<p>Fonte Rede Globo &#8220;Cordel Encantado\u201d<\/p>\n","protected":false},"excerpt":{"rendered":"<p>Novela &#8220;Cordel Encantado&#8221;: Florinda (Emanuelle Ara\u00fajo) encontra o mascarado, ele se esconde mas ela resolve ir atr\u00e1s do homem misterioso do cinema. Chegando l\u00e1, ela v\u00ea o vulto de Petrus (Felipe Camargo). Uma fresta de luz ilumina o rosto do mascarado, ela fica completamente chocada: \u201cMeu Deus! O que fizeram com voc\u00ea?!\u201d. Florinda o leva [&hellip;]<\/p>\n","protected":false},"author":2,"featured_media":165215,"comment_status":"open","ping_status":"closed","sticky":false,"template":"","format":"standard","meta":{"tdm_status":"","tdm_grid_status":"","footnotes":""},"categories":[535,388,379,375,343],"tags":[440],"class_list":{"0":"post-168851","1":"post","2":"type-post","3":"status-publish","4":"format-standard","5":"has-post-thumbnail","7":"category-cordel-encantado","8":"category-destaques","9":"category-novelas","10":"category-rede-globo","11":"category-televisao","12":"tag-noticia-novela"},"_links":{"self":[{"href":"https:\/\/migracao.redenoticia.com.br\/noticia\/wp-json\/wp\/v2\/posts\/168851","targetHints":{"allow":["GET"]}}],"collection":[{"href":"https:\/\/migracao.redenoticia.com.br\/noticia\/wp-json\/wp\/v2\/posts"}],"about":[{"href":"https:\/\/migracao.redenoticia.com.br\/noticia\/wp-json\/wp\/v2\/types\/post"}],"author":[{"embeddable":true,"href":"https:\/\/migracao.redenoticia.com.br\/noticia\/wp-json\/wp\/v2\/users\/2"}],"replies":[{"embeddable":true,"href":"https:\/\/migracao.redenoticia.com.br\/noticia\/wp-json\/wp\/v2\/comments?post=168851"}],"version-history":[{"count":0,"href":"https:\/\/migracao.redenoticia.com.br\/noticia\/wp-json\/wp\/v2\/posts\/168851\/revisions"}],"wp:featuredmedia":[{"embeddable":true,"href":"https:\/\/migracao.redenoticia.com.br\/noticia\/wp-json\/wp\/v2\/media\/165215"}],"wp:attachment":[{"href":"https:\/\/migracao.redenoticia.com.br\/noticia\/wp-json\/wp\/v2\/media?parent=168851"}],"wp:term":[{"taxonomy":"category","embeddable":true,"href":"https:\/\/migracao.redenoticia.com.br\/noticia\/wp-json\/wp\/v2\/categories?post=168851"},{"taxonomy":"post_tag","embeddable":true,"href":"https:\/\/migracao.redenoticia.com.br\/noticia\/wp-json\/wp\/v2\/tags?post=168851"}],"curies":[{"name":"wp","href":"https:\/\/api.w.org\/{rel}","templated":true}]}}